{"id":1539,"date":"2020-03-16T07:59:27","date_gmt":"2020-03-16T07:59:27","guid":{"rendered":"http:\/\/www.afsinyedisevin.com\/?p=1539"},"modified":"2020-03-16T07:59:27","modified_gmt":"2020-03-16T07:59:27","slug":"tiryaki-cay-evi-cebrail-alp","status":"publish","type":"post","link":"https:\/\/afsinyedisevin.com\/index.php\/2020\/03\/16\/tiryaki-cay-evi-cebrail-alp\/","title":{"rendered":"T\u0130RYAK\u0130 \u00c7ay Evi\/ Cebrail Alp"},"content":{"rendered":"<h4 style=\"text-align: justify;\"><strong><img loading=\"lazy\" decoding=\"async\" class=\"alignnone size-full wp-image-113\" src=\"https:\/\/afsinyedisevin.com\/wp-content\/uploads\/2019\/12\/ahalil.jpg\" alt=\"\" width=\"300\" height=\"194\" srcset=\"https:\/\/afsinyedisevin.com\/wp-content\/uploads\/2019\/12\/ahalil.jpg 300w, https:\/\/afsinyedisevin.com\/wp-content\/uploads\/2019\/12\/ahalil-115x73.jpg 115w\" sizes=\"(max-width: 300px) 100vw, 300px\" \/><\/strong><\/h4>\n<h4 style=\"text-align: justify;\"><strong>B\u00fcy\u00fcksevinli hem\u015fehrimiz Cebrail Alp,El\u00e7ibey Caddesi Ulu Cami yan\u0131nda T\u0130RYAK\u0130 \u00c7ay Evi ile hizmet veriyor.<\/strong><\/h4>\n<h4 style=\"text-align: justify;\"><strong>Tav\u015fan kan\u0131 \u00e7ay i\u00e7mek,arkada\u015flar\u0131n\u0131zda bo\u015f zamanlarda ho\u015f\u00e7a vakit ge\u00e7irmek i\u00e7in sizi de T\u0130RYAK\u0130 \u00c7ay evine bekliyoruz.<\/strong><\/h4>\n<h4 style=\"text-align: justify;\"><img loading=\"lazy\" decoding=\"async\" class=\"alignnone size-full wp-image-1540\" src=\"https:\/\/afsinyedisevin.com\/wp-content\/uploads\/2020\/03\/WhatsApp-Image-2020-03-15-at-12.35.09-1.jpeg\" alt=\"\" width=\"600\" height=\"870\" srcset=\"https:\/\/afsinyedisevin.com\/wp-content\/uploads\/2020\/03\/WhatsApp-Image-2020-03-15-at-12.35.09-1.jpeg 600w, https:\/\/afsinyedisevin.com\/wp-content\/uploads\/2020\/03\/WhatsApp-Image-2020-03-15-at-12.35.09-1-207x300.jpeg 207w\" sizes=\"(max-width: 600px) 100vw, 600px\" \/> <img loading=\"lazy\" decoding=\"async\" class=\"alignnone size-full wp-image-1541\" src=\"https:\/\/afsinyedisevin.com\/wp-content\/uploads\/2020\/03\/WhatsApp-Image-2020-03-15-at-12.35.09.jpeg\" alt=\"\" width=\"600\" height=\"443\" srcset=\"https:\/\/afsinyedisevin.com\/wp-content\/uploads\/2020\/03\/WhatsApp-Image-2020-03-15-at-12.35.09.jpeg 600w, https:\/\/afsinyedisevin.com\/wp-content\/uploads\/2020\/03\/WhatsApp-Image-2020-03-15-at-12.35.09-300x222.jpeg 300w\" sizes=\"(max-width: 600px) 100vw, 600px\" \/><\/h4>\n","protected":false},"excerpt":{"rendered":"<p>B\u00fcy\u00fcksevinli hem\u015fehrimiz Cebrail Alp,El\u00e7ibey Caddesi Ulu Cami yan\u0131nda T\u0130RYAK\u0130 \u00c7ay Evi ile hizmet veriyor. Tav\u015fan kan\u0131 \u00e7ay i\u00e7mek,arkada\u015flar\u0131n\u0131zda bo\u015f zamanlarda ho\u015f\u00e7a vakit ge\u00e7irmek i\u00e7in<\/p>\n","protected":false},"author":1,"featured_media":1542,"comment_status":"open","ping_status":"open","sticky":false,"template":"","format":"standard","meta":{"_jetpack_memberships_contains_paid_content":false,"footnotes":""},"categories":[6,28,3],"tags":[],"class_list":["post-1539","post","type-post","status-publish","format-standard","has-post-thumbnail","hentry","category-buyuk-sevin","category-is-dunyasi","category-manset-haber"],"jetpack_featured_media_url":"https:\/\/afsinyedisevin.com\/wp-content\/uploads\/2020\/03\/WhatsApp-Image-2020-03-15-at-12.35.09y.jpeg","jetpack_sharing_enabled":true,"_links":{"self":[{"href":"https:\/\/afsinyedisevin.com\/index.php\/wp-json\/wp\/v2\/posts\/1539","targetHints":{"allow":["GET"]}}],"collection":[{"href":"https:\/\/afsinyedisevin.com\/index.php\/wp-json\/wp\/v2\/posts"}],"about":[{"href":"https:\/\/afsinyedisevin.com\/index.php\/wp-json\/wp\/v2\/types\/post"}],"author":[{"embeddable":true,"href":"https:\/\/afsinyedisevin.com\/index.php\/wp-json\/wp\/v2\/users\/1"}],"replies":[{"embeddable":true,"href":"https:\/\/afsinyedisevin.com\/index.php\/wp-json\/wp\/v2\/comments?post=1539"}],"version-history":[{"count":1,"href":"https:\/\/afsinyedisevin.com\/index.php\/wp-json\/wp\/v2\/posts\/1539\/revisions"}],"predecessor-version":[{"id":1543,"href":"https:\/\/afsinyedisevin.com\/index.php\/wp-json\/wp\/v2\/posts\/1539\/revisions\/1543"}],"wp:featuredmedia":[{"embeddable":true,"href":"https:\/\/afsinyedisevin.com\/index.php\/wp-json\/wp\/v2\/media\/1542"}],"wp:attachment":[{"href":"https:\/\/afsinyedisevin.com\/index.php\/wp-json\/wp\/v2\/media?parent=1539"}],"wp:term":[{"taxonomy":"category","embeddable":true,"href":"https:\/\/afsinyedisevin.com\/index.php\/wp-json\/wp\/v2\/categories?post=1539"},{"taxonomy":"post_tag","embeddable":true,"href":"https:\/\/afsinyedisevin.com\/index.php\/wp-json\/wp\/v2\/tags?post=1539"}],"curies":[{"name":"wp","href":"https:\/\/api.w.org\/{rel}","templated":true}]}}