{"id":1530,"date":"2020-03-14T10:45:16","date_gmt":"2020-03-14T10:45:16","guid":{"rendered":"http:\/\/www.afsinyedisevin.com\/?p=1530"},"modified":"2020-03-14T10:45:16","modified_gmt":"2020-03-14T10:45:16","slug":"sevin-fatih-ortaokulu-ogrencilerine-forma-yaptirildi","status":"publish","type":"post","link":"https:\/\/afsinyedisevin.com\/index.php\/2020\/03\/14\/sevin-fatih-ortaokulu-ogrencilerine-forma-yaptirildi\/","title":{"rendered":"Sevin Fatih Ortaokulu \u00d6\u011frencilerine Forma yapt\u0131r\u0131ld\u0131!"},"content":{"rendered":"<p style=\"text-align: justify;\"><strong><img loading=\"lazy\" decoding=\"async\" class=\"alignnone size-full wp-image-113\" src=\"https:\/\/afsinyedisevin.com\/wp-content\/uploads\/2019\/12\/ahalil.jpg\" alt=\"\" width=\"300\" height=\"194\" srcset=\"https:\/\/afsinyedisevin.com\/wp-content\/uploads\/2019\/12\/ahalil.jpg 300w, https:\/\/afsinyedisevin.com\/wp-content\/uploads\/2019\/12\/ahalil-115x73.jpg 115w\" sizes=\"(max-width: 300px) 100vw, 300px\" \/><\/strong><\/p>\n<p style=\"text-align: justify;\"><strong>Sevin Mahallelerimizde ki \u00f6\u011frencilerimizin ta\u015f\u0131mal\u0131 olarak e\u011fitim g\u00f6rd\u00fc\u011f\u00fc Sevin Fatih Ortaokulu \u00f6\u011frencilerinin tamam\u0131na Forma yapt\u0131r\u0131ld\u0131.<\/strong><\/p>\n<p style=\"text-align: justify;\"><strong>Sa\u011fl\u0131k Bakanl\u0131\u011f\u0131nda g\u00f6rev yapan hem\u015fehrimiz Bekir S\u00f6yler,yapt\u0131\u011f\u0131 bir \u00e7al\u0131\u015fma ile Sevin Fatih Ortaokulunda e\u011fitim g\u00f6ren t\u00fcm \u00f6\u011frencilere forma kazand\u0131rd\u0131.<\/strong><\/p>\n<p style=\"text-align: justify;\"><strong>Bordo \u00fczerine Sar\u0131 Renk yaz\u0131yla tek tip k\u0131yafet olarak formalar \u00f6\u011frencilere \u00f6nceki g\u00fcn da\u011f\u0131t\u0131ld\u0131.<\/strong><\/p>\n<p style=\"text-align: justify;\"><strong>Konuya ili\u015fkin Yedisevin Haber Merkezine a\u00e7\u0131klamada bulunan yard\u0131msever hem\u015fehrimiz Bekir S\u00f6yler,Benim annem sevinli. Bende Sevinli \u00f6\u011frencilerimizin formalar\u0131n\u0131n olmad\u0131\u011f\u0131n\u0131 \u00f6\u011frendim.\u00d6\u011frencilerimizin tamam\u0131n\u0131 formayakavu\u015fturduk.Bu \u00e7al\u0131\u015fmay\u0131 yaparken bana destek olan \u0130\u015f Adam\u0131 Musa \u00d6zk\u00f6k,AF\u015e\u0130NDER Ba\u015fkan\u0131 Ahmet Ard\u0131\u00e7 beye te\u015fekk\u00fcr ediyorum dedi.<\/strong><\/p>\n<p style=\"text-align: justify;\"><strong>Formalar \u00f6nce ki g\u00fcn \u00f6\u011frencilere da\u011f\u0131t\u0131ld\u0131.<\/strong><\/p>\n<p style=\"text-align: justify;\"><strong>&nbsp; <img loading=\"lazy\" decoding=\"async\" class=\"size-full wp-image-1531 alignleft\" src=\"https:\/\/afsinyedisevin.com\/wp-content\/uploads\/2020\/03\/WhatsApp-Image-2020-03-11-at-10.26.55-1.jpeg\" alt=\"\" width=\"600\" height=\"434\" srcset=\"https:\/\/afsinyedisevin.com\/wp-content\/uploads\/2020\/03\/WhatsApp-Image-2020-03-11-at-10.26.55-1.jpeg 600w, https:\/\/afsinyedisevin.com\/wp-content\/uploads\/2020\/03\/WhatsApp-Image-2020-03-11-at-10.26.55-1-300x217.jpeg 300w\" sizes=\"(max-width: 600px) 100vw, 600px\" \/> <img loading=\"lazy\" decoding=\"async\" class=\"alignnone size-full wp-image-1532\" src=\"https:\/\/afsinyedisevin.com\/wp-content\/uploads\/2020\/03\/WhatsApp-Image-2020-03-11-at-10.26.55.jpeg\" alt=\"\" width=\"600\" height=\"400\" srcset=\"https:\/\/afsinyedisevin.com\/wp-content\/uploads\/2020\/03\/WhatsApp-Image-2020-03-11-at-10.26.55.jpeg 600w, https:\/\/afsinyedisevin.com\/wp-content\/uploads\/2020\/03\/WhatsApp-Image-2020-03-11-at-10.26.55-300x200.jpeg 300w\" sizes=\"(max-width: 600px) 100vw, 600px\" \/> <img loading=\"lazy\" decoding=\"async\" class=\"alignnone size-full wp-image-1533\" src=\"https:\/\/afsinyedisevin.com\/wp-content\/uploads\/2020\/03\/WhatsApp-Image-2020-03-11-at-10.26.56-1.jpeg\" alt=\"\" width=\"600\" height=\"437\" srcset=\"https:\/\/afsinyedisevin.com\/wp-content\/uploads\/2020\/03\/WhatsApp-Image-2020-03-11-at-10.26.56-1.jpeg 600w, https:\/\/afsinyedisevin.com\/wp-content\/uploads\/2020\/03\/WhatsApp-Image-2020-03-11-at-10.26.56-1-300x219.jpeg 300w\" sizes=\"(max-width: 600px) 100vw, 600px\" \/> <img loading=\"lazy\" decoding=\"async\" class=\"alignnone size-full wp-image-1534\" src=\"https:\/\/afsinyedisevin.com\/wp-content\/uploads\/2020\/03\/WhatsApp-Image-2020-03-11-at-10.26.56-2.jpeg\" alt=\"\" width=\"600\" height=\"481\" srcset=\"https:\/\/afsinyedisevin.com\/wp-content\/uploads\/2020\/03\/WhatsApp-Image-2020-03-11-at-10.26.56-2.jpeg 600w, https:\/\/afsinyedisevin.com\/wp-content\/uploads\/2020\/03\/WhatsApp-Image-2020-03-11-at-10.26.56-2-300x241.jpeg 300w\" sizes=\"(max-width: 600px) 100vw, 600px\" \/> <img loading=\"lazy\" decoding=\"async\" class=\"alignnone size-full wp-image-1535\" src=\"https:\/\/afsinyedisevin.com\/wp-content\/uploads\/2020\/03\/WhatsApp-Image-2020-03-11-at-10.26.56.jpeg\" alt=\"\" width=\"600\" height=\"426\" srcset=\"https:\/\/afsinyedisevin.com\/wp-content\/uploads\/2020\/03\/WhatsApp-Image-2020-03-11-at-10.26.56.jpeg 600w, https:\/\/afsinyedisevin.com\/wp-content\/uploads\/2020\/03\/WhatsApp-Image-2020-03-11-at-10.26.56-300x213.jpeg 300w\" sizes=\"(max-width: 600px) 100vw, 600px\" \/> <img loading=\"lazy\" decoding=\"async\" class=\"alignnone size-full wp-image-1536\" src=\"https:\/\/afsinyedisevin.com\/wp-content\/uploads\/2020\/03\/WhatsApp-Image-2020-03-11-at-10.26.57.jpeg\" alt=\"\" width=\"600\" height=\"490\" srcset=\"https:\/\/afsinyedisevin.com\/wp-content\/uploads\/2020\/03\/WhatsApp-Image-2020-03-11-at-10.26.57.jpeg 600w, https:\/\/afsinyedisevin.com\/wp-content\/uploads\/2020\/03\/WhatsApp-Image-2020-03-11-at-10.26.57-300x245.jpeg 300w\" sizes=\"(max-width: 600px) 100vw, 600px\" \/><\/strong><\/p>\n","protected":false},"excerpt":{"rendered":"<p>Sevin Mahallelerimizde ki \u00f6\u011frencilerimizin ta\u015f\u0131mal\u0131 olarak e\u011fitim g\u00f6rd\u00fc\u011f\u00fc Sevin Fatih Ortaokulu \u00f6\u011frencilerinin tamam\u0131na Forma yapt\u0131r\u0131ld\u0131. Sa\u011fl\u0131k Bakanl\u0131\u011f\u0131nda g\u00f6rev yapan hem\u015fehrimiz Bekir S\u00f6yler,yapt\u0131\u011f\u0131 bir \u00e7al\u0131\u015fma<\/p>\n","protected":false},"author":1,"featured_media":1537,"comment_status":"open","ping_status":"open","sticky":false,"template":"","format":"standard","meta":{"_jetpack_memberships_contains_paid_content":false,"footnotes":""},"categories":[31,9,6,29,8,3,10,30,32,33,7,1],"tags":[],"class_list":["post-1530","post","type-post","status-publish","format-standard","has-post-thumbnail","hentry","category-almaoglu","category-binboga","category-buyuk-sevin","category-kizilkaya","category-kucuk-sevin","category-manset-haber","category-orenderesi","category-sabenler","category-tatar","category-tomas","category-turk-sevin","category-yoremizden"],"jetpack_featured_media_url":"https:\/\/afsinyedisevin.com\/wp-content\/uploads\/2020\/03\/beyaz-renkYI.jpg","jetpack_sharing_enabled":true,"_links":{"self":[{"href":"https:\/\/afsinyedisevin.com\/index.php\/wp-json\/wp\/v2\/posts\/1530","targetHints":{"allow":["GET"]}}],"collection":[{"href":"https:\/\/afsinyedisevin.com\/index.php\/wp-json\/wp\/v2\/posts"}],"about":[{"href":"https:\/\/afsinyedisevin.com\/index.php\/wp-json\/wp\/v2\/types\/post"}],"author":[{"embeddable":true,"href":"https:\/\/afsinyedisevin.com\/index.php\/wp-json\/wp\/v2\/users\/1"}],"replies":[{"embeddable":true,"href":"https:\/\/afsinyedisevin.com\/index.php\/wp-json\/wp\/v2\/comments?post=1530"}],"version-history":[{"count":1,"href":"https:\/\/afsinyedisevin.com\/index.php\/wp-json\/wp\/v2\/posts\/1530\/revisions"}],"predecessor-version":[{"id":1538,"href":"https:\/\/afsinyedisevin.com\/index.php\/wp-json\/wp\/v2\/posts\/1530\/revisions\/1538"}],"wp:featuredmedia":[{"embeddable":true,"href":"https:\/\/afsinyedisevin.com\/index.php\/wp-json\/wp\/v2\/media\/1537"}],"wp:attachment":[{"href":"https:\/\/afsinyedisevin.com\/index.php\/wp-json\/wp\/v2\/media?parent=1530"}],"wp:term":[{"taxonomy":"category","embeddable":true,"href":"https:\/\/afsinyedisevin.com\/index.php\/wp-json\/wp\/v2\/categories?post=1530"},{"taxonomy":"post_tag","embeddable":true,"href":"https:\/\/afsinyedisevin.com\/index.php\/wp-json\/wp\/v2\/tags?post=1530"}],"curies":[{"name":"wp","href":"https:\/\/api.w.org\/{rel}","templated":true}]}}