{"id":1523,"date":"2020-03-13T07:02:54","date_gmt":"2020-03-13T07:02:54","guid":{"rendered":"http:\/\/www.afsinyedisevin.com\/?p=1523"},"modified":"2020-03-13T07:03:21","modified_gmt":"2020-03-13T07:03:21","slug":"ilce-tarim-mudurlugu-binboga-ciftcileri-ile-bulustu","status":"publish","type":"post","link":"https:\/\/afsinyedisevin.com\/index.php\/2020\/03\/13\/ilce-tarim-mudurlugu-binboga-ciftcileri-ile-bulustu\/","title":{"rendered":"\u0130l\u00e7e Tar\u0131m M\u00fcd\u00fcrl\u00fc\u011f\u00fc Binbo\u011fa \u00c7ift\u00e7ileri ile bulu\u015ftu!"},"content":{"rendered":"<h4 style=\"text-align: justify;\"><strong><img loading=\"lazy\" decoding=\"async\" class=\"alignnone size-full wp-image-113\" src=\"https:\/\/afsinyedisevin.com\/wp-content\/uploads\/2019\/12\/ahalil.jpg\" alt=\"\" width=\"300\" height=\"194\" srcset=\"https:\/\/afsinyedisevin.com\/wp-content\/uploads\/2019\/12\/ahalil.jpg 300w, https:\/\/afsinyedisevin.com\/wp-content\/uploads\/2019\/12\/ahalil-115x73.jpg 115w\" sizes=\"(max-width: 300px) 100vw, 300px\" \/><\/strong><\/h4>\n<h4 style=\"text-align: justify;\"><strong>Af\u015fin \u0130l\u00e7e Tar\u0131m ve Orman M\u00fcd\u00fcrl\u00fc\u011f\u00fc ekipleri Sevin\/Binbo\u011fa Mahallesinde \u00e7ift\u00e7i bilgilendirme toplant\u0131s\u0131 d\u00fczenledi.<\/strong><\/h4>\n<h4 style=\"text-align: justify;\"><strong>D\u00fcn Binbo\u011fa Mahallesinde d\u00fczenlenen toplant\u0131da \u00c7ift\u00e7ilere Buza\u011f\u0131 \u00f6l\u00fcmlerini \u00f6nleme ile s\u00fct sa\u011f\u0131mda hijyen konular\u0131nda bilgilendirmede bulunuldu.<\/strong><\/h4>\n<h4 style=\"text-align: justify;\"><strong>Binbo\u011fa mahallesinde ikamet eden \u00e7ift\u00e7ilerin yo\u011fun ilgi g\u00f6sterdi\u011fi etkinlikte \u0130l\u00e7e Tar\u0131m ve Orman M\u00fcd\u00fcrl\u00fc\u011f\u00fc ekipleri sinevizyon sunumuyla \u00e7ift\u00e7ileri bilgilendirdi.<\/strong><\/h4>\n<h4 style=\"text-align: justify;\"><strong>Konuya ili\u015fkin YED\u0130SEV\u0130N HABER&#8217;e bilgi veren \u0130l\u00e7e Tar\u0131m ve Orman M\u00fcd\u00fcr\u00fc \u0130lbey Demir,Hayvanc\u0131l\u0131\u011f\u0131m\u0131z\u0131n gelece\u011fi a\u00e7\u0131s\u0131ndan \u00f6nemli olan buza\u011f\u0131lar\u0131n \u00f6l\u00fcmlerinin azalt\u0131lmas\u0131 i\u00e7in buza\u011f\u0131lar\u0131n bak\u0131m ve beslenmesi konusunda yeti\u015ftiricilerimize \u00f6nemli bilgiler anlatan m\u00fcd\u00fcrl\u00fc\u011f\u00fcm\u00fcz veteriner hekimleri, hayvanc\u0131l\u0131k desteklemeleri hakk\u0131nda yeti\u015ftiricilerin yapmas\u0131 gerekenleri anlatarak devletimizin verdi\u011fi destekler sayesinde hayvanc\u0131l\u0131\u011f\u0131 geli\u015ftirmeyi ama\u00e7l\u0131yor. Ayr\u0131ca daha sa\u011fl\u0131kl\u0131 ve kaliteli s\u00fct elde etmek i\u00e7in sa\u011f\u0131m hijyeni konusunda yeti\u015ftiricilerimiz bilgilendirildi.Toplant\u0131ya kat\u0131lan t\u00fcm \u00e7ift\u00e7ilerimize te\u015fekk\u00fcr ediyorum dedi.<\/strong><\/h4>\n<h4 style=\"text-align: justify;\"><strong>Toplant\u0131 sonras\u0131 \u0130l\u00e7e Tar\u0131m ve Orman M\u00fcd\u00fcrl\u00fc\u011f\u00fc ekipleri \u00e7ift\u00e7ilerin sorular\u0131n\u0131 da cevapland\u0131rd\u0131.<\/strong><\/h4>\n<h4 style=\"text-align: justify;\"><img loading=\"lazy\" decoding=\"async\" class=\"alignnone size-full wp-image-1524\" src=\"https:\/\/afsinyedisevin.com\/wp-content\/uploads\/2020\/03\/WhatsApp-Image-2020-03-12-at-16.34.00.jpeg\" alt=\"\" width=\"600\" height=\"581\" srcset=\"https:\/\/afsinyedisevin.com\/wp-content\/uploads\/2020\/03\/WhatsApp-Image-2020-03-12-at-16.34.00.jpeg 600w, https:\/\/afsinyedisevin.com\/wp-content\/uploads\/2020\/03\/WhatsApp-Image-2020-03-12-at-16.34.00-300x291.jpeg 300w\" sizes=\"(max-width: 600px) 100vw, 600px\" \/> <img loading=\"lazy\" decoding=\"async\" class=\"alignnone size-full wp-image-1525\" src=\"https:\/\/afsinyedisevin.com\/wp-content\/uploads\/2020\/03\/WhatsApp-Image-2020-03-12-at-16.34.17-1.jpeg\" alt=\"\" width=\"600\" height=\"284\" srcset=\"https:\/\/afsinyedisevin.com\/wp-content\/uploads\/2020\/03\/WhatsApp-Image-2020-03-12-at-16.34.17-1.jpeg 600w, https:\/\/afsinyedisevin.com\/wp-content\/uploads\/2020\/03\/WhatsApp-Image-2020-03-12-at-16.34.17-1-300x142.jpeg 300w\" sizes=\"(max-width: 600px) 100vw, 600px\" \/> <img loading=\"lazy\" decoding=\"async\" class=\"alignnone size-full wp-image-1527\" src=\"https:\/\/afsinyedisevin.com\/wp-content\/uploads\/2020\/03\/WhatsApp-Image-2020-03-12-at-16.34.17.jpeg\" alt=\"\" width=\"600\" height=\"284\" srcset=\"https:\/\/afsinyedisevin.com\/wp-content\/uploads\/2020\/03\/WhatsApp-Image-2020-03-12-at-16.34.17.jpeg 600w, https:\/\/afsinyedisevin.com\/wp-content\/uploads\/2020\/03\/WhatsApp-Image-2020-03-12-at-16.34.17-300x142.jpeg 300w\" sizes=\"(max-width: 600px) 100vw, 600px\" \/> <img loading=\"lazy\" decoding=\"async\" class=\"alignnone size-full wp-image-1528\" src=\"https:\/\/afsinyedisevin.com\/wp-content\/uploads\/2020\/03\/WhatsApp-Image-2020-03-12-at-16.34.19.jpeg\" alt=\"\" width=\"600\" height=\"284\" srcset=\"https:\/\/afsinyedisevin.com\/wp-content\/uploads\/2020\/03\/WhatsApp-Image-2020-03-12-at-16.34.19.jpeg 600w, https:\/\/afsinyedisevin.com\/wp-content\/uploads\/2020\/03\/WhatsApp-Image-2020-03-12-at-16.34.19-300x142.jpeg 300w\" sizes=\"(max-width: 600px) 100vw, 600px\" \/><\/h4>\n","protected":false},"excerpt":{"rendered":"<p>Af\u015fin \u0130l\u00e7e Tar\u0131m ve Orman M\u00fcd\u00fcrl\u00fc\u011f\u00fc ekipleri Sevin\/Binbo\u011fa Mahallesinde \u00e7ift\u00e7i bilgilendirme toplant\u0131s\u0131 d\u00fczenledi. D\u00fcn Binbo\u011fa Mahallesinde d\u00fczenlenen toplant\u0131da \u00c7ift\u00e7ilere Buza\u011f\u0131 \u00f6l\u00fcmlerini \u00f6nleme ile s\u00fct<\/p>\n","protected":false},"author":1,"featured_media":1526,"comment_status":"open","ping_status":"open","sticky":false,"template":"","format":"standard","meta":{"_jetpack_memberships_contains_paid_content":false,"footnotes":""},"categories":[9,28,3,24,1],"tags":[],"class_list":["post-1523","post","type-post","status-publish","format-standard","has-post-thumbnail","hentry","category-binboga","category-is-dunyasi","category-manset-haber","category-ureten-firmalar","category-yoremizden"],"jetpack_featured_media_url":"https:\/\/afsinyedisevin.com\/wp-content\/uploads\/2020\/03\/WhatsApp-Image-2020-03-12-at-16.34.17-1U.jpeg","jetpack_sharing_enabled":true,"_links":{"self":[{"href":"https:\/\/afsinyedisevin.com\/index.php\/wp-json\/wp\/v2\/posts\/1523","targetHints":{"allow":["GET"]}}],"collection":[{"href":"https:\/\/afsinyedisevin.com\/index.php\/wp-json\/wp\/v2\/posts"}],"about":[{"href":"https:\/\/afsinyedisevin.com\/index.php\/wp-json\/wp\/v2\/types\/post"}],"author":[{"embeddable":true,"href":"https:\/\/afsinyedisevin.com\/index.php\/wp-json\/wp\/v2\/users\/1"}],"replies":[{"embeddable":true,"href":"https:\/\/afsinyedisevin.com\/index.php\/wp-json\/wp\/v2\/comments?post=1523"}],"version-history":[{"count":1,"href":"https:\/\/afsinyedisevin.com\/index.php\/wp-json\/wp\/v2\/posts\/1523\/revisions"}],"predecessor-version":[{"id":1529,"href":"https:\/\/afsinyedisevin.com\/index.php\/wp-json\/wp\/v2\/posts\/1523\/revisions\/1529"}],"wp:featuredmedia":[{"embeddable":true,"href":"https:\/\/afsinyedisevin.com\/index.php\/wp-json\/wp\/v2\/media\/1526"}],"wp:attachment":[{"href":"https:\/\/afsinyedisevin.com\/index.php\/wp-json\/wp\/v2\/media?parent=1523"}],"wp:term":[{"taxonomy":"category","embeddable":true,"href":"https:\/\/afsinyedisevin.com\/index.php\/wp-json\/wp\/v2\/categories?post=1523"},{"taxonomy":"post_tag","embeddable":true,"href":"https:\/\/afsinyedisevin.com\/index.php\/wp-json\/wp\/v2\/tags?post=1523"}],"curies":[{"name":"wp","href":"https:\/\/api.w.org\/{rel}","templated":true}]}}