{"id":1493,"date":"2020-03-06T06:26:11","date_gmt":"2020-03-06T06:26:11","guid":{"rendered":"http:\/\/www.afsinyedisevin.com\/?p=1493"},"modified":"2020-03-06T08:21:04","modified_gmt":"2020-03-06T08:21:04","slug":"osmaniyeden-aci-haber","status":"publish","type":"post","link":"https:\/\/afsinyedisevin.com\/index.php\/2020\/03\/06\/osmaniyeden-aci-haber\/","title":{"rendered":"Osmaniye&#8217;den Ac\u0131 Haber!"},"content":{"rendered":"<p style=\"text-align: justify;\"><img loading=\"lazy\" decoding=\"async\" class=\"alignnone size-full wp-image-113\" src=\"https:\/\/afsinyedisevin.com\/wp-content\/uploads\/2019\/12\/ahalil.jpg\" alt=\"\" width=\"300\" height=\"194\" srcset=\"https:\/\/afsinyedisevin.com\/wp-content\/uploads\/2019\/12\/ahalil.jpg 300w, https:\/\/afsinyedisevin.com\/wp-content\/uploads\/2019\/12\/ahalil-115x73.jpg 115w\" sizes=\"(max-width: 300px) 100vw, 300px\" \/><\/p>\n<p><img loading=\"lazy\" decoding=\"async\" class=\"alignnone size-full wp-image-1496\" src=\"https:\/\/afsinyedisevin.com\/wp-content\/uploads\/2020\/03\/DTYU.jpg\" alt=\"\" width=\"600\" height=\"629\" srcset=\"https:\/\/afsinyedisevin.com\/wp-content\/uploads\/2020\/03\/DTYU.jpg 600w, https:\/\/afsinyedisevin.com\/wp-content\/uploads\/2020\/03\/DTYU-286x300.jpg 286w\" sizes=\"(max-width: 600px) 100vw, 600px\" \/><\/p>\n<p style=\"text-align: justify;\"><strong>Aslen T\u00fcrksevin mahallesinden olup,Osmaniye&#8217;de ikamet eden,\u0130brahim,Ali,Cuma,Ramazan ve Adem BOZKURT&#8217;un babalar\u0131 Hac\u0131 (Hacika) BOZKURT Vefat etti.<\/strong><\/p>\n<p style=\"text-align: justify;\"><strong>Cenazesi bug\u00fcn Cuma namaz\u0131na m\u00fcteakiben Osmaniye&#8217;de Yavuz Sultan Selim Camiinde k\u0131l\u0131nacak cenaze namaz\u0131n\u0131n ard\u0131ndan&nbsp; Osmniye&#8217;de topra\u011fa verilecek.<\/strong><\/p>\n<p style=\"text-align: justify;\"><strong>Taziye i\u00e7in,<\/strong><\/p>\n<p style=\"text-align: justify;\"><strong>Ahmet Bozkurt &#8211; 0 544 820 6502 <\/strong><\/p>\n<p style=\"text-align: justify;\"><strong>Allah rahmet eylesin.<\/strong><\/p>\n","protected":false},"excerpt":{"rendered":"<p>Aslen T\u00fcrksevin mahallesinden olup,Osmaniye&#8217;de ikamet eden,\u0130brahim,Ali,Cuma,Ramazan ve Adem BOZKURT&#8217;un babalar\u0131 Hac\u0131 (Hacika) BOZKURT Vefat etti. Cenazesi bug\u00fcn Cuma namaz\u0131na m\u00fcteakiben Osmaniye&#8217;de Yavuz Sultan Selim<\/p>\n","protected":false},"author":1,"featured_media":1494,"comment_status":"open","ping_status":"open","sticky":false,"template":"","format":"standard","meta":{"_jetpack_memberships_contains_paid_content":false,"footnotes":""},"categories":[3,7,4],"tags":[],"class_list":["post-1493","post","type-post","status-publish","format-standard","has-post-thumbnail","hentry","category-manset-haber","category-turk-sevin","category-vefatlar"],"jetpack_featured_media_url":"https:\/\/afsinyedisevin.com\/wp-content\/uploads\/2020\/03\/aaaaaaaaaUOB.jpg","jetpack_sharing_enabled":true,"_links":{"self":[{"href":"https:\/\/afsinyedisevin.com\/index.php\/wp-json\/wp\/v2\/posts\/1493","targetHints":{"allow":["GET"]}}],"collection":[{"href":"https:\/\/afsinyedisevin.com\/index.php\/wp-json\/wp\/v2\/posts"}],"about":[{"href":"https:\/\/afsinyedisevin.com\/index.php\/wp-json\/wp\/v2\/types\/post"}],"author":[{"embeddable":true,"href":"https:\/\/afsinyedisevin.com\/index.php\/wp-json\/wp\/v2\/users\/1"}],"replies":[{"embeddable":true,"href":"https:\/\/afsinyedisevin.com\/index.php\/wp-json\/wp\/v2\/comments?post=1493"}],"version-history":[{"count":2,"href":"https:\/\/afsinyedisevin.com\/index.php\/wp-json\/wp\/v2\/posts\/1493\/revisions"}],"predecessor-version":[{"id":1497,"href":"https:\/\/afsinyedisevin.com\/index.php\/wp-json\/wp\/v2\/posts\/1493\/revisions\/1497"}],"wp:featuredmedia":[{"embeddable":true,"href":"https:\/\/afsinyedisevin.com\/index.php\/wp-json\/wp\/v2\/media\/1494"}],"wp:attachment":[{"href":"https:\/\/afsinyedisevin.com\/index.php\/wp-json\/wp\/v2\/media?parent=1493"}],"wp:term":[{"taxonomy":"category","embeddable":true,"href":"https:\/\/afsinyedisevin.com\/index.php\/wp-json\/wp\/v2\/categories?post=1493"},{"taxonomy":"post_tag","embeddable":true,"href":"https:\/\/afsinyedisevin.com\/index.php\/wp-json\/wp\/v2\/tags?post=1493"}],"curies":[{"name":"wp","href":"https:\/\/api.w.org\/{rel}","templated":true}]}}