{"id":1484,"date":"2020-03-02T08:25:41","date_gmt":"2020-03-02T08:25:41","guid":{"rendered":"http:\/\/www.afsinyedisevin.com\/?p=1484"},"modified":"2020-03-02T08:26:36","modified_gmt":"2020-03-02T08:26:36","slug":"nezaket-kilinc-vefat-etti","status":"publish","type":"post","link":"https:\/\/afsinyedisevin.com\/index.php\/2020\/03\/02\/nezaket-kilinc-vefat-etti\/","title":{"rendered":"Nezaket K\u0131l\u0131n\u00e7 vefat etti!"},"content":{"rendered":"<h4 style=\"text-align: justify;\"><strong><img loading=\"lazy\" decoding=\"async\" class=\"alignnone size-full wp-image-113\" src=\"https:\/\/afsinyedisevin.com\/wp-content\/uploads\/2019\/12\/ahalil.jpg\" alt=\"\" width=\"300\" height=\"194\" srcset=\"https:\/\/afsinyedisevin.com\/wp-content\/uploads\/2019\/12\/ahalil.jpg 300w, https:\/\/afsinyedisevin.com\/wp-content\/uploads\/2019\/12\/ahalil-115x73.jpg 115w\" sizes=\"(max-width: 300px) 100vw, 300px\" \/><\/strong><\/h4>\n<h4 style=\"text-align: justify;\"><strong>Aslen B\u00fcy\u00fcksevin mahallesinden olup Alparsalan mahallesinde&nbsp; ikamet eden Cuma ve Ey\u00fcp K\u0131l\u0131n\u00e7&#8217;\u0131n yengeleri, Mustafa ve&nbsp; Kadir K\u0131l\u0131n\u00e7&#8217;\u0131n anneleri, H\u0131d\u0131r K\u0131l\u0131n\u00e7&#8217;\u0131n e\u015fi, Nezaket K\u0131l\u0131n\u00e7 vefat etti.<\/strong><\/h4>\n<h4 style=\"text-align: justify;\"><strong> Cenazesi bug\u00fcn ikindi namaz\u0131na m\u00fcteakiben Ulu camide k\u0131l\u0131nacak cenaze namaz\u0131n\u0131n ard\u0131ndan Koyunta\u015f Mezarkl\u0131\u011f\u0131nda topra\u011fa verilecek.<\/strong><\/h4>\n<h4 style=\"text-align: justify;\"><strong>Kur&#8217;an-\u0131 Kerimi Alparslan Mahallesinde kendi hanesinde okunacak.<\/strong><\/h4>\n<h4 style=\"text-align: justify;\"><strong>Taziye i\u00e7in;<\/strong><\/h4>\n<h4 style=\"text-align: justify;\"><strong>E\u015fi H\u0131d\u0131r K\u0131l\u0131n\u00e7-0 543 671 0930<\/strong><\/h4>\n<h4 style=\"text-align: justify;\"><strong>Allah rahmet eylesin.<\/strong><\/h4>\n<h4 style=\"text-align: justify;\">&nbsp;<\/h4>\n","protected":false},"excerpt":{"rendered":"<p>Aslen B\u00fcy\u00fcksevin mahallesinden olup Alparsalan mahallesinde&nbsp; ikamet eden Cuma ve Ey\u00fcp K\u0131l\u0131n\u00e7&#8217;\u0131n yengeleri, Mustafa ve&nbsp; Kadir K\u0131l\u0131n\u00e7&#8217;\u0131n anneleri, H\u0131d\u0131r K\u0131l\u0131n\u00e7&#8217;\u0131n e\u015fi, Nezaket K\u0131l\u0131n\u00e7 vefat<\/p>\n","protected":false},"author":1,"featured_media":1485,"comment_status":"open","ping_status":"open","sticky":false,"template":"","format":"standard","meta":{"_jetpack_memberships_contains_paid_content":false,"footnotes":""},"categories":[6,3,4],"tags":[],"class_list":["post-1484","post","type-post","status-publish","format-standard","has-post-thumbnail","hentry","category-buyuk-sevin","category-manset-haber","category-vefatlar"],"jetpack_featured_media_url":"https:\/\/afsinyedisevin.com\/wp-content\/uploads\/2020\/03\/aaaaaaaaaFYUI.jpg","jetpack_sharing_enabled":true,"_links":{"self":[{"href":"https:\/\/afsinyedisevin.com\/index.php\/wp-json\/wp\/v2\/posts\/1484","targetHints":{"allow":["GET"]}}],"collection":[{"href":"https:\/\/afsinyedisevin.com\/index.php\/wp-json\/wp\/v2\/posts"}],"about":[{"href":"https:\/\/afsinyedisevin.com\/index.php\/wp-json\/wp\/v2\/types\/post"}],"author":[{"embeddable":true,"href":"https:\/\/afsinyedisevin.com\/index.php\/wp-json\/wp\/v2\/users\/1"}],"replies":[{"embeddable":true,"href":"https:\/\/afsinyedisevin.com\/index.php\/wp-json\/wp\/v2\/comments?post=1484"}],"version-history":[{"count":2,"href":"https:\/\/afsinyedisevin.com\/index.php\/wp-json\/wp\/v2\/posts\/1484\/revisions"}],"predecessor-version":[{"id":1487,"href":"https:\/\/afsinyedisevin.com\/index.php\/wp-json\/wp\/v2\/posts\/1484\/revisions\/1487"}],"wp:featuredmedia":[{"embeddable":true,"href":"https:\/\/afsinyedisevin.com\/index.php\/wp-json\/wp\/v2\/media\/1485"}],"wp:attachment":[{"href":"https:\/\/afsinyedisevin.com\/index.php\/wp-json\/wp\/v2\/media?parent=1484"}],"wp:term":[{"taxonomy":"category","embeddable":true,"href":"https:\/\/afsinyedisevin.com\/index.php\/wp-json\/wp\/v2\/categories?post=1484"},{"taxonomy":"post_tag","embeddable":true,"href":"https:\/\/afsinyedisevin.com\/index.php\/wp-json\/wp\/v2\/tags?post=1484"}],"curies":[{"name":"wp","href":"https:\/\/api.w.org\/{rel}","templated":true}]}}