{"id":1472,"date":"2020-02-25T12:45:15","date_gmt":"2020-02-25T12:45:15","guid":{"rendered":"http:\/\/www.afsinyedisevin.com\/?p=1472"},"modified":"2020-02-25T12:45:15","modified_gmt":"2020-02-25T12:45:15","slug":"turk-sevin-koyunun-halleri","status":"publish","type":"post","link":"https:\/\/afsinyedisevin.com\/index.php\/2020\/02\/25\/turk-sevin-koyunun-halleri\/","title":{"rendered":"T\u00dcRK SEV\u0130N K\u00d6Y\u00dcN\u00dcN HALLER\u0130"},"content":{"rendered":"<h4><span style=\"font-family: 'arial black', sans-serif\"><img loading=\"lazy\" decoding=\"async\" class=\"alignnone size-medium wp-image-1474\" src=\"https:\/\/afsinyedisevin.com\/wp-content\/uploads\/2020\/02\/XGHU-300x254.jpg\" alt=\"\" width=\"300\" height=\"254\" srcset=\"https:\/\/afsinyedisevin.com\/wp-content\/uploads\/2020\/02\/XGHU-300x254.jpg 300w, https:\/\/afsinyedisevin.com\/wp-content\/uploads\/2020\/02\/XGHU.jpg 450w\" sizes=\"(max-width: 300px) 100vw, 300px\" \/><\/span><\/h4>\n<h4><span style=\"font-family: 'arial black', sans-serif\">KAR YA\u011eAR DAMI K\u00dcR\u00dcRDE YOLA ATARIK<\/span><\/h4>\n<h4><span style=\"font-family: 'arial black', sans-serif\">SOBA TEK OLUR B\u0130ZDE SO\u011eUKTA YATARIK<\/span><\/h4>\n<h4><span style=\"font-family: 'arial black', sans-serif\">\u00d6\u011eLEN YEMEK YO\u011eURDA PEKMEZ\u00a0\u00a0 KATARIK<\/span><\/h4>\n<h4><span style=\"font-family: 'arial black', sans-serif\">\u0130\u015eTE BUDUR T\u00dcRKSEV\u0130N K\u00d6Y\u00dcN\u00dcN HALLER\u0130<\/span><\/h4>\n<h4><span style=\"font-family: 'arial black', sans-serif\">***<\/span><\/h4>\n<h4><\/h4>\n<h4><span style=\"font-family: 'arial black', sans-serif\">MAAYA MEZDA ARDI\u00c7 ODUNUNU YIYARIK<\/span><\/h4>\n<h4><span style=\"font-family: 'arial black', sans-serif\">KA\u00c7 TORBA K\u00d6M\u00dcR KALDI ARADA SAYARIK<\/span><\/h4>\n<h4><span style=\"font-family: 'arial black', sans-serif\">ALTIMIZA MU\u015eAMBA ALIRIZ ARADA KAYARIK<\/span><\/h4>\n<h4><span style=\"font-family: 'arial black', sans-serif\">\u0130\u015eTE BUDUR T\u00dcRKSEV\u0130N K\u00d6Y\u00dcN\u00dcN HALLER\u0130<\/span><\/h4>\n<h4><span style=\"font-family: 'arial black', sans-serif\">***<\/span><\/h4>\n<h4><span style=\"font-family: 'arial black', sans-serif\">AKMINI K\u00dcR\u00dcRDE DEL\u0130KTEN DI\u015eARI ATARIK<\/span><\/h4>\n<h4><span style=\"font-family: 'arial black', sans-serif\">E\u015e\u015eAN SAMANINADA ARADA ARPA KATARIK<\/span><\/h4>\n<h4><span style=\"font-family: 'arial black', sans-serif\">KED\u0130 KUCAKLAR SOBANIN D\u0130B\u0130NDE YATARIK<\/span><\/h4>\n<h4><span style=\"font-family: 'arial black', sans-serif\">\u0130\u015eTE BUDUR T\u00dcRK SEV\u0130N K\u00d6Y\u00dcN\u00dcN HALLER\u0130<\/span><\/h4>\n<h4><span style=\"font-family: 'arial black', sans-serif\">***<\/span><\/h4>\n<h4><\/h4>\n<h4><span style=\"font-family: 'arial black', sans-serif\">MART DEY\u0130NCE DE BER\u00c7\u0130NLER BELLEN\u0130R<\/span><\/h4>\n<h4><span style=\"font-family: 'arial black', sans-serif\">KONU KOM\u015eU TOPLANIR \u00c7AY DEMLEN\u0130R<\/span><\/h4>\n<h4><span style=\"font-family: 'arial black', sans-serif\">HAVA GARAMADAN MALLAR YEMLEN\u0130R<\/span><\/h4>\n<h4><span style=\"font-family: 'arial black', sans-serif\">\u0130\u015eTE BUDUR T\u00dcRKSEV\u0130N K\u00d6Y\u00dcN\u00dcN HALLER\u0130<\/span><\/h4>\n<h4><span style=\"font-family: 'arial black', sans-serif\">***<\/span><\/h4>\n<h4><span style=\"font-family: 'arial black', sans-serif\">MAYIS DEY\u0130NCE SAP SARI A\u00c7AR \u00c7\u0130\u00c7EKLER<\/span><\/h4>\n<h4><span style=\"font-family: 'arial black', sans-serif\">VIZILDAMAYA DURUR ARILARLA B\u00d6CEKLER<\/span><\/h4>\n<h4><span style=\"font-family: 'arial black', sans-serif\">B\u0130TER DURUR G\u00dcZDEN DOLAN Y\u0130YECEKLER<\/span><\/h4>\n<h4><span style=\"font-family: 'arial black', sans-serif\">\u0130\u015eTE BUDUR T\u00dcRK SEV\u0130N K\u00d6Y\u00dcN\u00dcN HALLER\u0130<\/span><\/h4>\n<h4><span style=\"font-family: 'arial black', sans-serif\">***<\/span><\/h4>\n<h4><span style=\"font-family: 'arial black', sans-serif\">TOMUSUN ONUNA DA VEHNE ARMUTU YETER<\/span><\/h4>\n<h4><span style=\"font-family: 'arial black', sans-serif\">ON G\u00dcNL\u00dcK B\u0130R \u00d6MR\u00dc VAR HEMENDE B\u0130TER<\/span><\/h4>\n<h4><span style=\"font-family: 'arial black', sans-serif\">TUTUN BA\u015eINDA SER\u00c7EELER B\u0130R BA\u015eKA \u00d6TER<\/span><\/h4>\n<h4><span style=\"font-family: 'arial black', sans-serif\">\u0130\u015eTE BUDUR T\u00dcRK SEV\u0130N K\u00d6Y\u00dcN\u00dcN HALLER\u0130<\/span><\/h4>\n<h4><span style=\"font-family: 'arial black', sans-serif\">***<\/span><\/h4>\n<h4><span style=\"font-family: 'arial black', sans-serif\">ER\u0130KTEN \u00c7\u0130R ARMUTTAN KAK YAPARIK<\/span><\/h4>\n<h4><span style=\"font-family: 'arial black', sans-serif\">\u00c7AR\u015eAMBA YO\u011eURT PAZARINDA SATARIK<\/span><\/h4>\n<h4><span style=\"font-family: 'arial black', sans-serif\">CALBA C\u0130VC\u0130\u011e\u0130 EKMEK YAPARKEN YAKARIK<\/span><\/h4>\n<h4><span style=\"font-family: 'arial black', sans-serif\">\u0130\u015eTE BUDUR T\u00dcRKSEV\u0130N K\u00d6Y\u00dcN HALLER\u0130<\/span><\/h4>\n<h4><span style=\"font-family: 'arial black', sans-serif\">***<\/span><\/h4>\n<h4><span style=\"font-family: 'arial black', sans-serif\">EYL\u00dcL\u00dcN SONUNDA SIRIKLA CEV\u0130Z \u00c7IRPARIZ<\/span><\/h4>\n<h4><span style=\"font-family: 'arial black', sans-serif\">SO\u011eAN SARIMSAK TOP TOP D\u0130RE\u011eE TAKARIZ<\/span><\/h4>\n<h4><span style=\"font-family: 'arial black', sans-serif\">SU GIZDIRMAK \u0130\u00c7\u0130N \u00c7ALIYLA \u00c7\u0130PR\u0130 YAKARIK<\/span><\/h4>\n<h4><span style=\"font-family: 'arial black', sans-serif\">\u0130\u015eTE BUDUR T\u00dcRK SEV\u0130N K\u00d6Y\u00dcM HALLER\u0130<\/span><\/h4>\n<h4><span style=\"font-family: 'arial black', sans-serif\">***<\/span><\/h4>\n<h4><span style=\"font-family: 'arial black', sans-serif\">HARMANIN TOZUNA DA D\u00dc\u011e\u00dcNLER BA\u015eLAR<\/span><\/h4>\n<h4><span style=\"font-family: 'arial black', sans-serif\">\u0130HT\u0130YARI GENC\u0130 \u00c7OCU\u011eUNU ALIR TELE\u015eLER<\/span><\/h4>\n<h4><span style=\"font-family: 'arial black', sans-serif\">MUSA B\u00dcLB\u00dcLDEN\u00a0 SELAM YOLDA\u015eLAR<\/span><\/h4>\n<h4><span style=\"font-family: 'arial black', sans-serif\">\u0130\u015eTE BUDUR T\u00dcRKSEV\u0130N K\u00d6Y\u00dcN\u00dcN HALLER\u0130.<\/span><\/h4>\n<h4><span style=\"font-family: 'arial black', sans-serif\">**<\/span><\/h4>\n<h4><span style=\"font-family: 'arial black', sans-serif\">MUSA B\u00dcLB\u00dcL<\/span><\/h4>\n","protected":false},"excerpt":{"rendered":"<p>KAR YA\u011eAR DAMI K\u00dcR\u00dcRDE YOLA ATARIK SOBA TEK OLUR B\u0130ZDE SO\u011eUKTA YATARIK \u00d6\u011eLEN YEMEK YO\u011eURDA PEKMEZ\u00a0\u00a0 KATARIK \u0130\u015eTE BUDUR T\u00dcRKSEV\u0130N K\u00d6Y\u00dcN\u00dcN HALLER\u0130 *** MAAYA<\/p>\n","protected":false},"author":8,"featured_media":1473,"comment_status":"open","ping_status":"open","sticky":false,"template":"","format":"standard","meta":{"_jetpack_memberships_contains_paid_content":false,"footnotes":""},"categories":[27,3,15,7,1],"tags":[],"class_list":["post-1472","post","type-post","status-publish","format-standard","has-post-thumbnail","hentry","category-gurbetteki-sevinliler","category-manset-haber","category-sair-ve-yazarlarimiz","category-turk-sevin","category-yoremizden"],"jetpack_featured_media_url":"https:\/\/afsinyedisevin.com\/wp-content\/uploads\/2020\/02\/beyaz-renkY.jpg","jetpack_sharing_enabled":true,"_links":{"self":[{"href":"https:\/\/afsinyedisevin.com\/index.php\/wp-json\/wp\/v2\/posts\/1472","targetHints":{"allow":["GET"]}}],"collection":[{"href":"https:\/\/afsinyedisevin.com\/index.php\/wp-json\/wp\/v2\/posts"}],"about":[{"href":"https:\/\/afsinyedisevin.com\/index.php\/wp-json\/wp\/v2\/types\/post"}],"author":[{"embeddable":true,"href":"https:\/\/afsinyedisevin.com\/index.php\/wp-json\/wp\/v2\/users\/8"}],"replies":[{"embeddable":true,"href":"https:\/\/afsinyedisevin.com\/index.php\/wp-json\/wp\/v2\/comments?post=1472"}],"version-history":[{"count":2,"href":"https:\/\/afsinyedisevin.com\/index.php\/wp-json\/wp\/v2\/posts\/1472\/revisions"}],"predecessor-version":[{"id":1476,"href":"https:\/\/afsinyedisevin.com\/index.php\/wp-json\/wp\/v2\/posts\/1472\/revisions\/1476"}],"wp:featuredmedia":[{"embeddable":true,"href":"https:\/\/afsinyedisevin.com\/index.php\/wp-json\/wp\/v2\/media\/1473"}],"wp:attachment":[{"href":"https:\/\/afsinyedisevin.com\/index.php\/wp-json\/wp\/v2\/media?parent=1472"}],"wp:term":[{"taxonomy":"category","embeddable":true,"href":"https:\/\/afsinyedisevin.com\/index.php\/wp-json\/wp\/v2\/categories?post=1472"},{"taxonomy":"post_tag","embeddable":true,"href":"https:\/\/afsinyedisevin.com\/index.php\/wp-json\/wp\/v2\/tags?post=1472"}],"curies":[{"name":"wp","href":"https:\/\/api.w.org\/{rel}","templated":true}]}}