{"id":1392,"date":"2020-02-17T06:18:24","date_gmt":"2020-02-17T06:18:24","guid":{"rendered":"http:\/\/www.afsinyedisevin.com\/?p=1392"},"modified":"2020-02-17T06:18:24","modified_gmt":"2020-02-17T06:18:24","slug":"ucler-magarasi-kar-altinda-bile-guzel","status":"publish","type":"post","link":"https:\/\/afsinyedisevin.com\/index.php\/2020\/02\/17\/ucler-magarasi-kar-altinda-bile-guzel\/","title":{"rendered":"\u00dc\u00e7ler Ma\u011faras\u0131 Kar alt\u0131nda bile g\u00fczel!"},"content":{"rendered":"<p style=\"text-align: justify;\"><strong><img loading=\"lazy\" decoding=\"async\" class=\"alignnone size-full wp-image-113\" src=\"https:\/\/afsinyedisevin.com\/wp-content\/uploads\/2019\/12\/ahalil.jpg\" alt=\"\" width=\"300\" height=\"194\" srcset=\"https:\/\/afsinyedisevin.com\/wp-content\/uploads\/2019\/12\/ahalil.jpg 300w, https:\/\/afsinyedisevin.com\/wp-content\/uploads\/2019\/12\/ahalil-115x73.jpg 115w\" sizes=\"(max-width: 300px) 100vw, 300px\" \/><\/strong><\/p>\n<p style=\"text-align: justify;\"><strong>Sevin\/K\u0131z\u0131lkaya&#8217;da bulunan \u00dc\u00e7ler Ma\u011faras\u0131 \u00e7etin k\u0131\u015f \u015fartlar\u0131nda bile ziyaret ediliyor.<\/strong><\/p>\n<p style=\"text-align: justify;\"><strong>B\u00fcy\u00fcksevin Mahallesine ba\u011fl\u0131 K\u0131z\u0131lkaya Mezras\u0131nda bulunan \u00dc\u00e7ler Ma\u011faras\u0131 Sevin mahallelerine gelen herkesi ilk kar\u015f\u0131layan mekan.<\/strong><\/p>\n<p style=\"text-align: justify;\"><strong>Hadis-i \u015eeriflerde Eshab-\u0131 Kehf ile birlikte zikredilen \u00dc\u00e7ler diye an\u0131lan muhteremlerin ba\u015f\u0131ndan ge\u00e7en ya\u015fanm\u0131\u015f olan hikayede Allah&#8217;a Dua ve yakar\u0131\u015f\u0131n \u00f6nemi ifade ediliyor.<\/strong><\/p>\n<p style=\"text-align: justify;\"><strong>\u0130\u00e7erisinde namaz k\u0131l\u0131nan ve ibadet edilen \u00dc\u00e7ler Ma\u011faras\u0131 k\u0131\u015f aylar\u0131nda bile g\u00f6r\u00fclmeye de\u011fer.<\/strong><\/p>\n<p style=\"text-align: justify;\"><img loading=\"lazy\" decoding=\"async\" class=\"alignnone size-full wp-image-1393\" src=\"https:\/\/afsinyedisevin.com\/wp-content\/uploads\/2020\/02\/DSC09876.jpg\" alt=\"\" width=\"600\" height=\"450\" srcset=\"https:\/\/afsinyedisevin.com\/wp-content\/uploads\/2020\/02\/DSC09876.jpg 600w, https:\/\/afsinyedisevin.com\/wp-content\/uploads\/2020\/02\/DSC09876-300x225.jpg 300w\" sizes=\"(max-width: 600px) 100vw, 600px\" \/> <img loading=\"lazy\" decoding=\"async\" class=\"alignnone size-full wp-image-1394\" src=\"https:\/\/afsinyedisevin.com\/wp-content\/uploads\/2020\/02\/DSC09879.jpg\" alt=\"\" width=\"600\" height=\"450\" srcset=\"https:\/\/afsinyedisevin.com\/wp-content\/uploads\/2020\/02\/DSC09879.jpg 600w, https:\/\/afsinyedisevin.com\/wp-content\/uploads\/2020\/02\/DSC09879-300x225.jpg 300w\" sizes=\"(max-width: 600px) 100vw, 600px\" \/> <img loading=\"lazy\" decoding=\"async\" class=\"alignnone size-full wp-image-1395\" src=\"https:\/\/afsinyedisevin.com\/wp-content\/uploads\/2020\/02\/DSC09882.jpg\" alt=\"\" width=\"600\" height=\"450\" srcset=\"https:\/\/afsinyedisevin.com\/wp-content\/uploads\/2020\/02\/DSC09882.jpg 600w, https:\/\/afsinyedisevin.com\/wp-content\/uploads\/2020\/02\/DSC09882-300x225.jpg 300w\" sizes=\"(max-width: 600px) 100vw, 600px\" \/> <img loading=\"lazy\" decoding=\"async\" class=\"alignnone size-full wp-image-1397\" src=\"https:\/\/afsinyedisevin.com\/wp-content\/uploads\/2020\/02\/DSC09883.jpg\" alt=\"\" width=\"600\" height=\"450\" srcset=\"https:\/\/afsinyedisevin.com\/wp-content\/uploads\/2020\/02\/DSC09883.jpg 600w, https:\/\/afsinyedisevin.com\/wp-content\/uploads\/2020\/02\/DSC09883-300x225.jpg 300w\" sizes=\"(max-width: 600px) 100vw, 600px\" \/><\/p>\n","protected":false},"excerpt":{"rendered":"<p>Sevin\/K\u0131z\u0131lkaya&#8217;da bulunan \u00dc\u00e7ler Ma\u011faras\u0131 \u00e7etin k\u0131\u015f \u015fartlar\u0131nda bile ziyaret ediliyor. B\u00fcy\u00fcksevin Mahallesine ba\u011fl\u0131 K\u0131z\u0131lkaya Mezras\u0131nda bulunan \u00dc\u00e7ler Ma\u011faras\u0131 Sevin mahallelerine gelen herkesi ilk kar\u015f\u0131layan<\/p>\n","protected":false},"author":1,"featured_media":1396,"comment_status":"open","ping_status":"open","sticky":false,"template":"","format":"standard","meta":{"_jetpack_memberships_contains_paid_content":false,"footnotes":""},"categories":[6,29,3,21],"tags":[],"class_list":["post-1392","post","type-post","status-publish","format-standard","has-post-thumbnail","hentry","category-buyuk-sevin","category-kizilkaya","category-manset-haber","category-tarihi-yerler"],"jetpack_featured_media_url":"https:\/\/afsinyedisevin.com\/wp-content\/uploads\/2020\/02\/DSC09882y.jpg","jetpack_sharing_enabled":true,"_links":{"self":[{"href":"https:\/\/afsinyedisevin.com\/index.php\/wp-json\/wp\/v2\/posts\/1392","targetHints":{"allow":["GET"]}}],"collection":[{"href":"https:\/\/afsinyedisevin.com\/index.php\/wp-json\/wp\/v2\/posts"}],"about":[{"href":"https:\/\/afsinyedisevin.com\/index.php\/wp-json\/wp\/v2\/types\/post"}],"author":[{"embeddable":true,"href":"https:\/\/afsinyedisevin.com\/index.php\/wp-json\/wp\/v2\/users\/1"}],"replies":[{"embeddable":true,"href":"https:\/\/afsinyedisevin.com\/index.php\/wp-json\/wp\/v2\/comments?post=1392"}],"version-history":[{"count":1,"href":"https:\/\/afsinyedisevin.com\/index.php\/wp-json\/wp\/v2\/posts\/1392\/revisions"}],"predecessor-version":[{"id":1398,"href":"https:\/\/afsinyedisevin.com\/index.php\/wp-json\/wp\/v2\/posts\/1392\/revisions\/1398"}],"wp:featuredmedia":[{"embeddable":true,"href":"https:\/\/afsinyedisevin.com\/index.php\/wp-json\/wp\/v2\/media\/1396"}],"wp:attachment":[{"href":"https:\/\/afsinyedisevin.com\/index.php\/wp-json\/wp\/v2\/media?parent=1392"}],"wp:term":[{"taxonomy":"category","embeddable":true,"href":"https:\/\/afsinyedisevin.com\/index.php\/wp-json\/wp\/v2\/categories?post=1392"},{"taxonomy":"post_tag","embeddable":true,"href":"https:\/\/afsinyedisevin.com\/index.php\/wp-json\/wp\/v2\/tags?post=1392"}],"curies":[{"name":"wp","href":"https:\/\/api.w.org\/{rel}","templated":true}]}}