{"id":1330,"date":"2020-02-05T10:28:23","date_gmt":"2020-02-05T10:28:23","guid":{"rendered":"http:\/\/www.afsinyedisevin.com\/?p=1330"},"modified":"2020-02-05T10:31:18","modified_gmt":"2020-02-05T10:31:18","slug":"avukat-murat-bozkurtu-ziyaret-ettik","status":"publish","type":"post","link":"https:\/\/afsinyedisevin.com\/index.php\/2020\/02\/05\/avukat-murat-bozkurtu-ziyaret-ettik\/","title":{"rendered":"Avukat Murat Bozkurt&#8217;u ziyaret ettik!"},"content":{"rendered":"<h3 style=\"text-align: justify;\"><strong><img loading=\"lazy\" decoding=\"async\" class=\"alignnone size-full wp-image-113\" src=\"https:\/\/afsinyedisevin.com\/wp-content\/uploads\/2019\/12\/ahalil.jpg\" alt=\"\" width=\"300\" height=\"194\" srcset=\"https:\/\/afsinyedisevin.com\/wp-content\/uploads\/2019\/12\/ahalil.jpg 300w, https:\/\/afsinyedisevin.com\/wp-content\/uploads\/2019\/12\/ahalil-115x73.jpg 115w\" sizes=\"(max-width: 300px) 100vw, 300px\" \/><\/strong><\/h3>\n<p><img loading=\"lazy\" decoding=\"async\" class=\"alignnone size-full wp-image-1331\" src=\"https:\/\/afsinyedisevin.com\/wp-content\/uploads\/2020\/02\/muratbozkurt.jpg\" alt=\"\" width=\"600\" height=\"399\" srcset=\"https:\/\/afsinyedisevin.com\/wp-content\/uploads\/2020\/02\/muratbozkurt.jpg 600w, https:\/\/afsinyedisevin.com\/wp-content\/uploads\/2020\/02\/muratbozkurt-300x200.jpg 300w\" sizes=\"(max-width: 600px) 100vw, 600px\" \/><\/p>\n<h3 style=\"text-align: justify;\"><strong>Aslen B\u00fcy\u00fcksevin&#8217;li hem\u015fehrimiz Avukat Murat Bozkurt&#8217;u H\u00fck\u00fcmet Kona\u011f\u0131 kar\u015f\u0131s\u0131nda ki ofisinde ziyaret ettik.<\/strong><\/h3>\n<h3 style=\"text-align: justify;\"><strong>Af\u015fin Barosuna kay\u0131tl\u0131 ayn\u0131 zamanda T\u00fcrkiye Barolar Birli\u011fi Delegesi olan Avukat Murat Bozkurt&#8217;a g\u00f6revinde ba\u015far\u0131lar diledik.<\/strong><\/h3>\n<h3 style=\"text-align: justify;\"><strong>\u0130lgi ve alakalar\u0131na \u00e7ok te\u015fekk\u00fcr ederiz.<\/strong><\/h3>\n<h3 style=\"text-align: justify;\"><strong>\u0130leti\u015fim:0 506 511 95 00<\/strong><\/h3>\n","protected":false},"excerpt":{"rendered":"<p>Aslen B\u00fcy\u00fcksevin&#8217;li hem\u015fehrimiz Avukat Murat Bozkurt&#8217;u H\u00fck\u00fcmet Kona\u011f\u0131 kar\u015f\u0131s\u0131nda ki ofisinde ziyaret ettik. Af\u015fin Barosuna kay\u0131tl\u0131 ayn\u0131 zamanda T\u00fcrkiye Barolar Birli\u011fi Delegesi olan Avukat<\/p>\n","protected":false},"author":1,"featured_media":1336,"comment_status":"open","ping_status":"open","sticky":false,"template":"","format":"standard","meta":{"_jetpack_memberships_contains_paid_content":false,"footnotes":""},"categories":[19,6,28,3,23],"tags":[],"class_list":["post-1330","post","type-post","status-publish","format-standard","has-post-thumbnail","hentry","category-avukatlarimiz","category-buyuk-sevin","category-is-dunyasi","category-manset-haber","category-ziyaret-ettiklerimiz"],"jetpack_featured_media_url":"https:\/\/afsinyedisevin.com\/wp-content\/uploads\/2020\/02\/muratbozkurtUUm.jpg","jetpack_sharing_enabled":true,"_links":{"self":[{"href":"https:\/\/afsinyedisevin.com\/index.php\/wp-json\/wp\/v2\/posts\/1330","targetHints":{"allow":["GET"]}}],"collection":[{"href":"https:\/\/afsinyedisevin.com\/index.php\/wp-json\/wp\/v2\/posts"}],"about":[{"href":"https:\/\/afsinyedisevin.com\/index.php\/wp-json\/wp\/v2\/types\/post"}],"author":[{"embeddable":true,"href":"https:\/\/afsinyedisevin.com\/index.php\/wp-json\/wp\/v2\/users\/1"}],"replies":[{"embeddable":true,"href":"https:\/\/afsinyedisevin.com\/index.php\/wp-json\/wp\/v2\/comments?post=1330"}],"version-history":[{"count":1,"href":"https:\/\/afsinyedisevin.com\/index.php\/wp-json\/wp\/v2\/posts\/1330\/revisions"}],"predecessor-version":[{"id":1334,"href":"https:\/\/afsinyedisevin.com\/index.php\/wp-json\/wp\/v2\/posts\/1330\/revisions\/1334"}],"wp:featuredmedia":[{"embeddable":true,"href":"https:\/\/afsinyedisevin.com\/index.php\/wp-json\/wp\/v2\/media\/1336"}],"wp:attachment":[{"href":"https:\/\/afsinyedisevin.com\/index.php\/wp-json\/wp\/v2\/media?parent=1330"}],"wp:term":[{"taxonomy":"category","embeddable":true,"href":"https:\/\/afsinyedisevin.com\/index.php\/wp-json\/wp\/v2\/categories?post=1330"},{"taxonomy":"post_tag","embeddable":true,"href":"https:\/\/afsinyedisevin.com\/index.php\/wp-json\/wp\/v2\/tags?post=1330"}],"curies":[{"name":"wp","href":"https:\/\/api.w.org\/{rel}","templated":true}]}}