{"id":1295,"date":"2020-01-31T13:27:40","date_gmt":"2020-01-31T13:27:40","guid":{"rendered":"http:\/\/www.afsinyedisevin.com\/?p=1295"},"modified":"2020-01-31T13:27:40","modified_gmt":"2020-01-31T13:27:40","slug":"dudu-goksen-vefat-etti","status":"publish","type":"post","link":"https:\/\/afsinyedisevin.com\/index.php\/2020\/01\/31\/dudu-goksen-vefat-etti\/","title":{"rendered":"Dudu G\u00f6k\u015fen vefat etti!"},"content":{"rendered":"<p style=\"text-align: justify;\"><span style=\"font-family: 'arial black', sans-serif;\"><img loading=\"lazy\" decoding=\"async\" class=\"alignnone size-full wp-image-113\" src=\"https:\/\/afsinyedisevin.com\/wp-content\/uploads\/2019\/12\/ahalil.jpg\" alt=\"\" width=\"300\" height=\"194\" srcset=\"https:\/\/afsinyedisevin.com\/wp-content\/uploads\/2019\/12\/ahalil.jpg 300w, https:\/\/afsinyedisevin.com\/wp-content\/uploads\/2019\/12\/ahalil-115x73.jpg 115w\" sizes=\"(max-width: 300px) 100vw, 300px\" \/><\/span><\/p>\n<p><img loading=\"lazy\" decoding=\"async\" class=\"alignnone  wp-image-1296\" src=\"https:\/\/afsinyedisevin.com\/wp-content\/uploads\/2020\/01\/FTY.jpg\" alt=\"\" width=\"373\" height=\"469\" srcset=\"https:\/\/afsinyedisevin.com\/wp-content\/uploads\/2020\/01\/FTY.jpg 651w, https:\/\/afsinyedisevin.com\/wp-content\/uploads\/2020\/01\/FTY-238x300.jpg 238w\" sizes=\"(max-width: 373px) 100vw, 373px\" \/><\/p>\n<p style=\"text-align: justify;\"><span style=\"font-family: 'arial black', sans-serif;\">B\u00fcy\u00fcksevin Mahallesinden Kahramanmara\u015f&#8217;ta ikamet eden Hac\u0131 H\u00fcseyin G\u00d6K\u015eEN amcam\u0131n han\u0131m\u0131 Dudu G\u00d6K\u015eEN vefat etti.<\/span><\/p>\n<p style=\"text-align: justify;\">\n<span style=\"font-family: 'arial black', sans-serif;\">Cenazesi 01.02.2020 Cumartesi \u00f6\u011fle namaz\u0131na m\u00fcteakip Kahramanmara\u015f Bediuzzaman camiinde k\u0131l\u0131nacak cenaze namaz\u0131n\u0131n ard\u0131ndan \u015eeyh Ali Sezai efendi mezarl\u0131\u011f\u0131nda topra\u011fa verilecek.<\/span><\/p>\n<p style=\"text-align: justify;\">\n<span style=\"font-family: 'arial black', sans-serif;\">Taziyesi : KMBB ABD\u00dcLHAM\u0130THAN TAZ\u0130YEEV\u0130 de olacakt\u0131r. <\/span><\/p>\n<p style=\"text-align: justify;\"><span style=\"font-family: 'arial black', sans-serif;\">Taziye i\u00e7in,<\/span><br \/>\n<span style=\"font-family: 'arial black', sans-serif;\">Hac\u0131 H\u00fcseyin G\u00d6K\u015eEN: 0 531 462 06 69<\/span><br \/>\n<span style=\"font-family: 'arial black', sans-serif;\">Adem G\u00d6K\u015eEN: 0537 883 83 59<\/span><br \/>\n<span style=\"font-family: 'arial black', sans-serif;\">Ahmet G\u00d6K\u015eEN: 0536 798 47 00<\/span><\/p>\n","protected":false},"excerpt":{"rendered":"<p>B\u00fcy\u00fcksevin Mahallesinden Kahramanmara\u015f&#8217;ta ikamet eden Hac\u0131 H\u00fcseyin G\u00d6K\u015eEN amcam\u0131n han\u0131m\u0131 Dudu G\u00d6K\u015eEN vefat etti. Cenazesi 01.02.2020 Cumartesi \u00f6\u011fle namaz\u0131na m\u00fcteakip Kahramanmara\u015f Bediuzzaman camiinde k\u0131l\u0131nacak<\/p>\n","protected":false},"author":1,"featured_media":1297,"comment_status":"open","ping_status":"open","sticky":false,"template":"","format":"standard","meta":{"_jetpack_memberships_contains_paid_content":false,"footnotes":""},"categories":[6,3,4],"tags":[],"class_list":["post-1295","post","type-post","status-publish","format-standard","has-post-thumbnail","hentry","category-buyuk-sevin","category-manset-haber","category-vefatlar"],"jetpack_featured_media_url":"https:\/\/afsinyedisevin.com\/wp-content\/uploads\/2020\/01\/GGTF.jpg","jetpack_sharing_enabled":true,"_links":{"self":[{"href":"https:\/\/afsinyedisevin.com\/index.php\/wp-json\/wp\/v2\/posts\/1295","targetHints":{"allow":["GET"]}}],"collection":[{"href":"https:\/\/afsinyedisevin.com\/index.php\/wp-json\/wp\/v2\/posts"}],"about":[{"href":"https:\/\/afsinyedisevin.com\/index.php\/wp-json\/wp\/v2\/types\/post"}],"author":[{"embeddable":true,"href":"https:\/\/afsinyedisevin.com\/index.php\/wp-json\/wp\/v2\/users\/1"}],"replies":[{"embeddable":true,"href":"https:\/\/afsinyedisevin.com\/index.php\/wp-json\/wp\/v2\/comments?post=1295"}],"version-history":[{"count":1,"href":"https:\/\/afsinyedisevin.com\/index.php\/wp-json\/wp\/v2\/posts\/1295\/revisions"}],"predecessor-version":[{"id":1298,"href":"https:\/\/afsinyedisevin.com\/index.php\/wp-json\/wp\/v2\/posts\/1295\/revisions\/1298"}],"wp:featuredmedia":[{"embeddable":true,"href":"https:\/\/afsinyedisevin.com\/index.php\/wp-json\/wp\/v2\/media\/1297"}],"wp:attachment":[{"href":"https:\/\/afsinyedisevin.com\/index.php\/wp-json\/wp\/v2\/media?parent=1295"}],"wp:term":[{"taxonomy":"category","embeddable":true,"href":"https:\/\/afsinyedisevin.com\/index.php\/wp-json\/wp\/v2\/categories?post=1295"},{"taxonomy":"post_tag","embeddable":true,"href":"https:\/\/afsinyedisevin.com\/index.php\/wp-json\/wp\/v2\/tags?post=1295"}],"curies":[{"name":"wp","href":"https:\/\/api.w.org\/{rel}","templated":true}]}}