{"id":1222,"date":"2020-01-22T14:13:57","date_gmt":"2020-01-22T14:13:57","guid":{"rendered":"http:\/\/www.afsinyedisevin.com\/?p=1222"},"modified":"2020-01-24T14:55:38","modified_gmt":"2020-01-24T14:55:38","slug":"merter-is-merkezinde-hemsehrimize-ziyaret","status":"publish","type":"post","link":"https:\/\/afsinyedisevin.com\/index.php\/2020\/01\/22\/merter-is-merkezinde-hemsehrimize-ziyaret\/","title":{"rendered":"MERTER \u0130\u015f Merkezinde hem\u015fehrimize ziyaret!"},"content":{"rendered":"<p style=\"text-align: justify;\"><strong><img loading=\"lazy\" decoding=\"async\" class=\"alignnone size-full wp-image-113\" src=\"https:\/\/afsinyedisevin.com\/wp-content\/uploads\/2019\/12\/ahalil.jpg\" alt=\"\" width=\"300\" height=\"194\" srcset=\"https:\/\/afsinyedisevin.com\/wp-content\/uploads\/2019\/12\/ahalil.jpg 300w, https:\/\/afsinyedisevin.com\/wp-content\/uploads\/2019\/12\/ahalil-115x73.jpg 115w\" sizes=\"(max-width: 300px) 100vw, 300px\" \/><\/strong><\/p>\n<p style=\"text-align: justify;\"><strong>\u0130stanbul&#8217;da MERTER \u0130\u015f Merkezinde g\u00f6rev yapan hem\u015fehrimiz AF\u015e\u0130NDER Y\u00f6netim Kurulu \u00dcyesi Osman \u00d6zer&#8217;i makam\u0131nda ziyaret ettik.<\/strong><\/p>\n<p style=\"text-align: justify;\"><strong>\u0130stanbul&#8217;da faaliyet g\u00f6steren Ar\u0131ta\u015f Mahallesi Derne\u011fi Ba\u015fkan\u0131 Adem \u00c7elik ve G\u00d6N\u00dcLDER \u00dcyesi Orhan \u015eahin ile birlikte Aslen K\u00fc\u00e7\u00fcksevin mahallesinden olup \u0130stanbul&#8217;da ikamet eden ve MERTER \u0130\u015f Merkezinde g\u00f6rev yapan hem\u015fehrimiz Osman \u00d6zer&#8217;i makam\u0131nda ziyaret ederek hem\u015fehrilerimizin selamlar\u0131n\u0131 ilettik.<\/strong><\/p>\n<p style=\"text-align: justify;\"><strong>Ziyarette yeni kurulan Af\u015fin Yedisevin Haber Sitemiz ile ilgili tan\u0131t\u0131m yaparak sitemize katk\u0131 ve desteklerinden dolay\u0131 te\u015fekk\u00fcr ettik.<\/strong><\/p>\n<p style=\"text-align: justify;\"><strong>Ziyaretten duydu\u011fu memnuniyeti ifade eden hem\u015fehrimiz Osman \u00d6zer,t\u00fcm hem\u015fehrilerimize selam g\u00f6nderdi.<\/strong><\/p>\n<p>\u0130LET\u0130\u015e\u0130M:0 532 059 90 96<\/p>\n<p style=\"text-align: justify;\"><img loading=\"lazy\" decoding=\"async\" class=\"alignnone size-full wp-image-1223\" src=\"https:\/\/afsinyedisevin.com\/wp-content\/uploads\/2020\/01\/20200117_125552.jpg\" alt=\"\" width=\"600\" height=\"292\" srcset=\"https:\/\/afsinyedisevin.com\/wp-content\/uploads\/2020\/01\/20200117_125552.jpg 600w, https:\/\/afsinyedisevin.com\/wp-content\/uploads\/2020\/01\/20200117_125552-300x146.jpg 300w\" sizes=\"(max-width: 600px) 100vw, 600px\" \/> <img loading=\"lazy\" decoding=\"async\" class=\"alignnone size-full wp-image-1224\" src=\"https:\/\/afsinyedisevin.com\/wp-content\/uploads\/2020\/01\/20200117_125621.jpg\" alt=\"\" width=\"600\" height=\"292\" srcset=\"https:\/\/afsinyedisevin.com\/wp-content\/uploads\/2020\/01\/20200117_125621.jpg 600w, https:\/\/afsinyedisevin.com\/wp-content\/uploads\/2020\/01\/20200117_125621-300x146.jpg 300w\" sizes=\"(max-width: 600px) 100vw, 600px\" \/> <img loading=\"lazy\" decoding=\"async\" class=\"alignnone size-full wp-image-1225\" src=\"https:\/\/afsinyedisevin.com\/wp-content\/uploads\/2020\/01\/20200117_125640.jpg\" alt=\"\" width=\"600\" height=\"292\" srcset=\"https:\/\/afsinyedisevin.com\/wp-content\/uploads\/2020\/01\/20200117_125640.jpg 600w, https:\/\/afsinyedisevin.com\/wp-content\/uploads\/2020\/01\/20200117_125640-300x146.jpg 300w\" sizes=\"(max-width: 600px) 100vw, 600px\" \/> <img loading=\"lazy\" decoding=\"async\" class=\"alignnone size-full wp-image-1226\" src=\"https:\/\/afsinyedisevin.com\/wp-content\/uploads\/2020\/01\/20200117_125902.jpg\" alt=\"\" width=\"600\" height=\"292\" srcset=\"https:\/\/afsinyedisevin.com\/wp-content\/uploads\/2020\/01\/20200117_125902.jpg 600w, https:\/\/afsinyedisevin.com\/wp-content\/uploads\/2020\/01\/20200117_125902-300x146.jpg 300w\" sizes=\"(max-width: 600px) 100vw, 600px\" \/> <img loading=\"lazy\" decoding=\"async\" class=\"alignnone size-full wp-image-1227\" src=\"https:\/\/afsinyedisevin.com\/wp-content\/uploads\/2020\/01\/20200117_130039.jpg\" alt=\"\" width=\"600\" height=\"292\" srcset=\"https:\/\/afsinyedisevin.com\/wp-content\/uploads\/2020\/01\/20200117_130039.jpg 600w, https:\/\/afsinyedisevin.com\/wp-content\/uploads\/2020\/01\/20200117_130039-300x146.jpg 300w\" sizes=\"(max-width: 600px) 100vw, 600px\" \/><\/p>\n","protected":false},"excerpt":{"rendered":"<p>\u0130stanbul&#8217;da MERTER \u0130\u015f Merkezinde g\u00f6rev yapan hem\u015fehrimiz AF\u015e\u0130NDER Y\u00f6netim Kurulu \u00dcyesi Osman \u00d6zer&#8217;i makam\u0131nda ziyaret ettik. \u0130stanbul&#8217;da faaliyet g\u00f6steren Ar\u0131ta\u015f Mahallesi Derne\u011fi Ba\u015fkan\u0131 Adem<\/p>\n","protected":false},"author":1,"featured_media":1228,"comment_status":"open","ping_status":"open","sticky":false,"template":"","format":"standard","meta":{"_jetpack_memberships_contains_paid_content":false,"footnotes":""},"categories":[26,27,8,3,23],"tags":[],"class_list":["post-1222","post","type-post","status-publish","format-standard","has-post-thumbnail","hentry","category-gurbetteki-is-dunyasi","category-gurbetteki-sevinliler","category-kucuk-sevin","category-manset-haber","category-ziyaret-ettiklerimiz"],"jetpack_featured_media_url":"https:\/\/afsinyedisevin.com\/wp-content\/uploads\/2020\/01\/20200117_130041y.jpg","jetpack_sharing_enabled":true,"_links":{"self":[{"href":"https:\/\/afsinyedisevin.com\/index.php\/wp-json\/wp\/v2\/posts\/1222","targetHints":{"allow":["GET"]}}],"collection":[{"href":"https:\/\/afsinyedisevin.com\/index.php\/wp-json\/wp\/v2\/posts"}],"about":[{"href":"https:\/\/afsinyedisevin.com\/index.php\/wp-json\/wp\/v2\/types\/post"}],"author":[{"embeddable":true,"href":"https:\/\/afsinyedisevin.com\/index.php\/wp-json\/wp\/v2\/users\/1"}],"replies":[{"embeddable":true,"href":"https:\/\/afsinyedisevin.com\/index.php\/wp-json\/wp\/v2\/comments?post=1222"}],"version-history":[{"count":4,"href":"https:\/\/afsinyedisevin.com\/index.php\/wp-json\/wp\/v2\/posts\/1222\/revisions"}],"predecessor-version":[{"id":1236,"href":"https:\/\/afsinyedisevin.com\/index.php\/wp-json\/wp\/v2\/posts\/1222\/revisions\/1236"}],"wp:featuredmedia":[{"embeddable":true,"href":"https:\/\/afsinyedisevin.com\/index.php\/wp-json\/wp\/v2\/media\/1228"}],"wp:attachment":[{"href":"https:\/\/afsinyedisevin.com\/index.php\/wp-json\/wp\/v2\/media?parent=1222"}],"wp:term":[{"taxonomy":"category","embeddable":true,"href":"https:\/\/afsinyedisevin.com\/index.php\/wp-json\/wp\/v2\/categories?post=1222"},{"taxonomy":"post_tag","embeddable":true,"href":"https:\/\/afsinyedisevin.com\/index.php\/wp-json\/wp\/v2\/tags?post=1222"}],"curies":[{"name":"wp","href":"https:\/\/api.w.org\/{rel}","templated":true}]}}