{"id":1140,"date":"2020-01-11T08:23:16","date_gmt":"2020-01-11T08:23:16","guid":{"rendered":"http:\/\/www.afsinyedisevin.com\/?p=1140"},"modified":"2020-01-11T08:23:16","modified_gmt":"2020-01-11T08:23:16","slug":"selcuk-kayapinarhalat-cekme-federasyon-temsilciligine-atandi","status":"publish","type":"post","link":"https:\/\/afsinyedisevin.com\/index.php\/2020\/01\/11\/selcuk-kayapinarhalat-cekme-federasyon-temsilciligine-atandi\/","title":{"rendered":"Sel\u00e7uk Kayap\u0131nar,Halat \u00c7ekme Federasyon Temsilcili\u011fine atand\u0131!"},"content":{"rendered":"<h4 style=\"text-align: justify;\"><strong><img loading=\"lazy\" decoding=\"async\" class=\"alignnone size-full wp-image-113\" src=\"https:\/\/afsinyedisevin.com\/wp-content\/uploads\/2019\/12\/ahalil.jpg\" alt=\"\" width=\"300\" height=\"194\" srcset=\"https:\/\/afsinyedisevin.com\/wp-content\/uploads\/2019\/12\/ahalil.jpg 300w, https:\/\/afsinyedisevin.com\/wp-content\/uploads\/2019\/12\/ahalil-115x73.jpg 115w\" sizes=\"(max-width: 300px) 100vw, 300px\" \/><\/strong><\/h4>\n<p><img loading=\"lazy\" decoding=\"async\" class=\"alignnone size-full wp-image-1141\" src=\"https:\/\/afsinyedisevin.com\/wp-content\/uploads\/2020\/01\/3686f552-922c-474a-b702-3183330befd1.jpg\" alt=\"\" width=\"960\" height=\"720\" srcset=\"https:\/\/afsinyedisevin.com\/wp-content\/uploads\/2020\/01\/3686f552-922c-474a-b702-3183330befd1.jpg 960w, https:\/\/afsinyedisevin.com\/wp-content\/uploads\/2020\/01\/3686f552-922c-474a-b702-3183330befd1-300x225.jpg 300w, https:\/\/afsinyedisevin.com\/wp-content\/uploads\/2020\/01\/3686f552-922c-474a-b702-3183330befd1-768x576.jpg 768w\" sizes=\"(max-width: 960px) 100vw, 960px\" \/><\/p>\n<h4 style=\"text-align: justify;\"><strong>Af\u015fin ve Elbistan \u0130l\u00e7elerimizde Wushu-Kungfu Milli Antren\u00f6r olarak g\u00f6rev yapan hem\u015fehrimiz Sel\u00e7uk Kayapa\u0131nar,Halat \u00c7ekme Federasyonu taraf\u0131ndan E\u015fbistan \u0130l\u00e7e Temsilcisi olarak atand\u0131.<\/strong><\/h4>\n<h4 style=\"text-align: justify;\"><strong>Wushu ve Kongfu sporunun Af\u015fin ve Elbistan \u0130l\u00e7elerinde tan\u0131nmas\u0131na vesile olan bu sayede \u0130l\u00e7elerimizden T\u00fcrkiye ve Avrupa \u015eampiyonlar\u0131 \u00e7\u0131karan Sel\u00e7uk Kayap\u0131nar,Halat \u00c7ekme Federasyonu taraf\u0131ndan Elbistan il\u00e7e Temsilcisi olarak g\u00f6revlendirildi.&nbsp;<\/strong><\/h4>\n<h4 style=\"text-align: justify;\"><strong>Halat \u00c7ekme Federasyonu Genel Ba\u015fkan\u0131 Eray Aldemir,Sosyal medya hesab\u0131ndan yapt\u0131\u011f\u0131 a\u00e7\u0131klamada,Halat \u00c7ekme Federasyonumuzun Kahramanmara\u015f Elbistan \u0130l\u00e7e Temsilcili\u011fine Sel\u00e7uk Kayap\u0131nar hocam\u0131z atanm\u0131\u015ft\u0131r. Yeni g\u00f6revinizde ba\u015far\u0131lar dilerim dedi.<\/strong><\/h4>\n<h4 style=\"text-align: justify;\"><strong>Hem\u015fehrimize ve Elbistan \u0130l\u00e7emize hay\u0131rl\u0131 olsun.<\/strong><\/h4>\n<p><img loading=\"lazy\" decoding=\"async\" class=\"alignnone size-full wp-image-1142\" src=\"https:\/\/afsinyedisevin.com\/wp-content\/uploads\/2020\/01\/HALAT-\u00c7EKME.jpg\" alt=\"\" width=\"1600\" height=\"1116\" srcset=\"https:\/\/afsinyedisevin.com\/wp-content\/uploads\/2020\/01\/HALAT-\u00c7EKME.jpg 1600w, https:\/\/afsinyedisevin.com\/wp-content\/uploads\/2020\/01\/HALAT-\u00c7EKME-300x209.jpg 300w, https:\/\/afsinyedisevin.com\/wp-content\/uploads\/2020\/01\/HALAT-\u00c7EKME-1024x714.jpg 1024w, https:\/\/afsinyedisevin.com\/wp-content\/uploads\/2020\/01\/HALAT-\u00c7EKME-768x536.jpg 768w, https:\/\/afsinyedisevin.com\/wp-content\/uploads\/2020\/01\/HALAT-\u00c7EKME-1536x1071.jpg 1536w\" sizes=\"(max-width: 1600px) 100vw, 1600px\" \/><\/p>\n","protected":false},"excerpt":{"rendered":"<p>Af\u015fin ve Elbistan \u0130l\u00e7elerimizde Wushu-Kungfu Milli Antren\u00f6r olarak g\u00f6rev yapan hem\u015fehrimiz Sel\u00e7uk Kayapa\u0131nar,Halat \u00c7ekme Federasyonu taraf\u0131ndan E\u015fbistan \u0130l\u00e7e Temsilcisi olarak atand\u0131. Wushu ve Kongfu<\/p>\n","protected":false},"author":1,"featured_media":1143,"comment_status":"open","ping_status":"open","sticky":false,"template":"","format":"standard","meta":{"_jetpack_memberships_contains_paid_content":false,"footnotes":""},"categories":[3,7,1],"tags":[],"class_list":["post-1140","post","type-post","status-publish","format-standard","has-post-thumbnail","hentry","category-manset-haber","category-turk-sevin","category-yoremizden"],"jetpack_featured_media_url":"https:\/\/afsinyedisevin.com\/wp-content\/uploads\/2020\/01\/bbeyaz-renky.jpg","jetpack_sharing_enabled":true,"_links":{"self":[{"href":"https:\/\/afsinyedisevin.com\/index.php\/wp-json\/wp\/v2\/posts\/1140","targetHints":{"allow":["GET"]}}],"collection":[{"href":"https:\/\/afsinyedisevin.com\/index.php\/wp-json\/wp\/v2\/posts"}],"about":[{"href":"https:\/\/afsinyedisevin.com\/index.php\/wp-json\/wp\/v2\/types\/post"}],"author":[{"embeddable":true,"href":"https:\/\/afsinyedisevin.com\/index.php\/wp-json\/wp\/v2\/users\/1"}],"replies":[{"embeddable":true,"href":"https:\/\/afsinyedisevin.com\/index.php\/wp-json\/wp\/v2\/comments?post=1140"}],"version-history":[{"count":1,"href":"https:\/\/afsinyedisevin.com\/index.php\/wp-json\/wp\/v2\/posts\/1140\/revisions"}],"predecessor-version":[{"id":1144,"href":"https:\/\/afsinyedisevin.com\/index.php\/wp-json\/wp\/v2\/posts\/1140\/revisions\/1144"}],"wp:featuredmedia":[{"embeddable":true,"href":"https:\/\/afsinyedisevin.com\/index.php\/wp-json\/wp\/v2\/media\/1143"}],"wp:attachment":[{"href":"https:\/\/afsinyedisevin.com\/index.php\/wp-json\/wp\/v2\/media?parent=1140"}],"wp:term":[{"taxonomy":"category","embeddable":true,"href":"https:\/\/afsinyedisevin.com\/index.php\/wp-json\/wp\/v2\/categories?post=1140"},{"taxonomy":"post_tag","embeddable":true,"href":"https:\/\/afsinyedisevin.com\/index.php\/wp-json\/wp\/v2\/tags?post=1140"}],"curies":[{"name":"wp","href":"https:\/\/api.w.org\/{rel}","templated":true}]}}