{"id":1090,"date":"2020-01-08T06:49:18","date_gmt":"2020-01-08T06:49:18","guid":{"rendered":"http:\/\/www.afsinyedisevin.com\/?p=1090"},"modified":"2020-01-08T06:49:18","modified_gmt":"2020-01-08T06:49:18","slug":"besinci-kattan-duserek-vefat-eden-hemsehrimiz-bugun-topraga-verilecek","status":"publish","type":"post","link":"https:\/\/afsinyedisevin.com\/index.php\/2020\/01\/08\/besinci-kattan-duserek-vefat-eden-hemsehrimiz-bugun-topraga-verilecek\/","title":{"rendered":"Be\u015finci Kattan d\u00fc\u015ferek vefat eden hem\u015fehrimiz bug\u00fcn topra\u011fa verilecek!"},"content":{"rendered":"<p style=\"text-align: justify;\"><strong><img loading=\"lazy\" decoding=\"async\" class=\"alignnone size-full wp-image-113\" src=\"https:\/\/afsinyedisevin.com\/wp-content\/uploads\/2019\/12\/ahalil.jpg\" alt=\"\" width=\"300\" height=\"194\" srcset=\"https:\/\/afsinyedisevin.com\/wp-content\/uploads\/2019\/12\/ahalil.jpg 300w, https:\/\/afsinyedisevin.com\/wp-content\/uploads\/2019\/12\/ahalil-115x73.jpg 115w\" sizes=\"(max-width: 300px) 100vw, 300px\" \/><\/strong><\/p>\n<p style=\"text-align: justify;\"><strong><img loading=\"lazy\" decoding=\"async\" class=\"alignnone size-full wp-image-1082\" src=\"https:\/\/afsinyedisevin.com\/wp-content\/uploads\/2020\/01\/DRTU.jpg\" alt=\"\" width=\"600\" height=\"600\" srcset=\"https:\/\/afsinyedisevin.com\/wp-content\/uploads\/2020\/01\/DRTU.jpg 600w, https:\/\/afsinyedisevin.com\/wp-content\/uploads\/2020\/01\/DRTU-300x300.jpg 300w, https:\/\/afsinyedisevin.com\/wp-content\/uploads\/2020\/01\/DRTU-150x150.jpg 150w, https:\/\/afsinyedisevin.com\/wp-content\/uploads\/2020\/01\/DRTU-215x215.jpg 215w\" sizes=\"(max-width: 600px) 100vw, 600px\" \/><\/strong><\/p>\n<p style=\"text-align: justify;\"><strong>D\u00fcn sabah saatlerinde Burdur&#8217;da meydana gelen i\u015f kazas\u0131nda hayat\u0131n\u0131 kaybeden So\u011fuk Demir i\u015f\u00e7isi Hakan \u00c7inpolat (28) bug\u00fcn topra\u011fa verilecek.<\/strong><\/p>\n<p style=\"text-align: justify;\"><strong>B\u00fcy\u00fcksevin Mahallesi Hakan \u00c7inpolat&#8217;\u0131n cenazesi bug\u00fcn \u00f6\u011fle namaz\u0131na m\u00fcteakiben Ulu Camiide k\u0131l\u0131nacak cenaze namaz\u0131n\u0131n ard\u0131ndan B\u00fcy\u00fcksevin Mahallesinde topra\u011fa verilecek.<\/strong><\/p>\n<p style=\"text-align: justify;\"><strong>Kur&#8217;an-\u0131 Kerimi B\u00fcy\u00fcksevin Mahallesi Almao\u011flu Sokakta kendi hanesinde okunacak.<\/strong><\/p>\n<p style=\"text-align: justify;\"><strong>Taziye i\u00e7in,<\/strong><\/p>\n<p style=\"text-align: justify;\"><strong>Amcao\u011flu Hamit \u00c7inpolat- 0 555 185 9465<\/strong><\/p>\n<p style=\"text-align: justify;\"><strong>Allah rahmet eylesin.<\/strong><\/p>\n<p style=\"text-align: justify;\">&nbsp;<\/p>\n","protected":false},"excerpt":{"rendered":"<p>D\u00fcn sabah saatlerinde Burdur&#8217;da meydana gelen i\u015f kazas\u0131nda hayat\u0131n\u0131 kaybeden So\u011fuk Demir i\u015f\u00e7isi Hakan \u00c7inpolat (28) bug\u00fcn topra\u011fa verilecek. B\u00fcy\u00fcksevin Mahallesi Hakan \u00c7inpolat&#8217;\u0131n cenazesi<\/p>\n","protected":false},"author":1,"featured_media":1091,"comment_status":"open","ping_status":"open","sticky":false,"template":"","format":"standard","meta":{"_jetpack_memberships_contains_paid_content":false,"footnotes":""},"categories":[31,6,3,4],"tags":[],"class_list":["post-1090","post","type-post","status-publish","format-standard","has-post-thumbnail","hentry","category-almaoglu","category-buyuk-sevin","category-manset-haber","category-vefatlar"],"jetpack_featured_media_url":"https:\/\/afsinyedisevin.com\/wp-content\/uploads\/2020\/01\/rtu-1.jpg","jetpack_sharing_enabled":true,"_links":{"self":[{"href":"https:\/\/afsinyedisevin.com\/index.php\/wp-json\/wp\/v2\/posts\/1090","targetHints":{"allow":["GET"]}}],"collection":[{"href":"https:\/\/afsinyedisevin.com\/index.php\/wp-json\/wp\/v2\/posts"}],"about":[{"href":"https:\/\/afsinyedisevin.com\/index.php\/wp-json\/wp\/v2\/types\/post"}],"author":[{"embeddable":true,"href":"https:\/\/afsinyedisevin.com\/index.php\/wp-json\/wp\/v2\/users\/1"}],"replies":[{"embeddable":true,"href":"https:\/\/afsinyedisevin.com\/index.php\/wp-json\/wp\/v2\/comments?post=1090"}],"version-history":[{"count":1,"href":"https:\/\/afsinyedisevin.com\/index.php\/wp-json\/wp\/v2\/posts\/1090\/revisions"}],"predecessor-version":[{"id":1092,"href":"https:\/\/afsinyedisevin.com\/index.php\/wp-json\/wp\/v2\/posts\/1090\/revisions\/1092"}],"wp:featuredmedia":[{"embeddable":true,"href":"https:\/\/afsinyedisevin.com\/index.php\/wp-json\/wp\/v2\/media\/1091"}],"wp:attachment":[{"href":"https:\/\/afsinyedisevin.com\/index.php\/wp-json\/wp\/v2\/media?parent=1090"}],"wp:term":[{"taxonomy":"category","embeddable":true,"href":"https:\/\/afsinyedisevin.com\/index.php\/wp-json\/wp\/v2\/categories?post=1090"},{"taxonomy":"post_tag","embeddable":true,"href":"https:\/\/afsinyedisevin.com\/index.php\/wp-json\/wp\/v2\/tags?post=1090"}],"curies":[{"name":"wp","href":"https:\/\/api.w.org\/{rel}","templated":true}]}}