{"id":1073,"date":"2020-01-07T07:03:09","date_gmt":"2020-01-07T07:03:09","guid":{"rendered":"http:\/\/www.afsinyedisevin.com\/?p=1073"},"modified":"2020-01-07T07:03:44","modified_gmt":"2020-01-07T07:03:44","slug":"sevinli-kore-gazisine-madalya-takdim-edildi","status":"publish","type":"post","link":"https:\/\/afsinyedisevin.com\/index.php\/2020\/01\/07\/sevinli-kore-gazisine-madalya-takdim-edildi\/","title":{"rendered":"Sevinli Kore Gazisine Madalya Takdim edildi!"},"content":{"rendered":"<h4 style=\"text-align: justify;\"><img loading=\"lazy\" decoding=\"async\" class=\"alignnone size-full wp-image-714\" src=\"https:\/\/afsinyedisevin.com\/wp-content\/uploads\/2019\/12\/ag\u00fcl.jpg\" alt=\"\" width=\"302\" height=\"253\" srcset=\"https:\/\/afsinyedisevin.com\/wp-content\/uploads\/2019\/12\/ag\u00fcl.jpg 302w, https:\/\/afsinyedisevin.com\/wp-content\/uploads\/2019\/12\/ag\u00fcl-300x251.jpg 300w\" sizes=\"(max-width: 302px) 100vw, 302px\" \/><\/h4>\n<h4><img loading=\"lazy\" decoding=\"async\" class=\"alignnone size-full wp-image-1077\" src=\"https:\/\/afsinyedisevin.com\/wp-content\/uploads\/2020\/01\/IMG_5167.jpg\" alt=\"\" width=\"600\" height=\"400\" srcset=\"https:\/\/afsinyedisevin.com\/wp-content\/uploads\/2020\/01\/IMG_5167.jpg 600w, https:\/\/afsinyedisevin.com\/wp-content\/uploads\/2020\/01\/IMG_5167-300x200.jpg 300w\" sizes=\"(max-width: 600px) 100vw, 600px\" \/><\/h4>\n<h4 style=\"text-align: justify;\">Sevinli Kore Gazisi \u015e\u00fckr\u00fc T\u00fcrkmen&#8217;e Gazi Madalyas\u0131 takdim edildi.<\/h4>\n<h4 style=\"text-align: justify;\"><strong>\u0130stanbul\u2019da faaliyet g\u00f6sterilen Af\u015fin Eshab-\u0131 Kehf Dostluk K\u00fclt\u00fcr\u00fc ve \u00c7evre Derne\u011fi (AF\u015e\u0130NDER) taraf\u0131ndan projelendirilen \u2018Gazilerimiz Ve Gen\u00e7lerimiz\u2019 kapsam\u0131nda r\u00f6portajlar\u0131 yap\u0131lan Gazilere Madalayalar\u0131 takdim edildi.Madalya verilenler aras\u0131nda Sevinli Kore Gazisi \u015e\u00fckr\u00fc T\u00fcrkmen&#8217;de vard\u0131.<\/strong><\/h4>\n<h4 style=\"text-align: justify;\"><strong>Af\u015fin Belediyesi K\u00fclt\u00fcr Evinde ger\u00e7ekle\u015fen t\u00f6rende Madalyas\u0131 takdim edilen Kore Gazisi \u015e\u00fckr\u00fc T\u00fcrkmen,bug\u00fcn bizim bayram\u0131m\u0131z.Bizleri unutmayarak bu onuru ya\u015fatan herkese te\u015fekk\u00fcr ediyoruz dedi. <\/strong><\/h4>\n<h4 style=\"text-align: justify;\"><strong>Kore Gazisi \u015e\u00fckr\u00fc T\u00fcrkmen&#8217;in Madalyas\u0131n\u0131 yakas\u0131na <\/strong><strong>Af\u015fin Eshab-\u0131 Kehf Dostluk K\u00fclt\u00fcr\u00fc ve \u00c7evre Derne\u011fi (AF\u015e\u0130NDER) Ba\u015fkan\u0131 Ahmet Ard\u0131\u00e7 takd\u0131.<\/strong><\/h4>\n<h4 style=\"text-align: justify;\"><img loading=\"lazy\" decoding=\"async\" class=\"alignnone size-full wp-image-1075\" src=\"https:\/\/afsinyedisevin.com\/wp-content\/uploads\/2020\/01\/IMG_5064.jpg\" alt=\"\" width=\"600\" height=\"400\" srcset=\"https:\/\/afsinyedisevin.com\/wp-content\/uploads\/2020\/01\/IMG_5064.jpg 600w, https:\/\/afsinyedisevin.com\/wp-content\/uploads\/2020\/01\/IMG_5064-300x200.jpg 300w\" sizes=\"(max-width: 600px) 100vw, 600px\" \/> <img loading=\"lazy\" decoding=\"async\" class=\"alignnone size-full wp-image-1076\" src=\"https:\/\/afsinyedisevin.com\/wp-content\/uploads\/2020\/01\/IMG_5110.jpg\" alt=\"\" width=\"600\" height=\"400\" srcset=\"https:\/\/afsinyedisevin.com\/wp-content\/uploads\/2020\/01\/IMG_5110.jpg 600w, https:\/\/afsinyedisevin.com\/wp-content\/uploads\/2020\/01\/IMG_5110-300x200.jpg 300w\" sizes=\"(max-width: 600px) 100vw, 600px\" \/><\/h4>\n","protected":false},"excerpt":{"rendered":"<p>Sevinli Kore Gazisi \u015e\u00fckr\u00fc T\u00fcrkmen&#8217;e Gazi Madalyas\u0131 takdim edildi. \u0130stanbul\u2019da faaliyet g\u00f6sterilen Af\u015fin Eshab-\u0131 Kehf Dostluk K\u00fclt\u00fcr\u00fc ve \u00c7evre Derne\u011fi (AF\u015e\u0130NDER) taraf\u0131ndan projelendirilen \u2018Gazilerimiz<\/p>\n","protected":false},"author":1,"featured_media":1078,"comment_status":"open","ping_status":"open","sticky":false,"template":"","format":"standard","meta":{"_jetpack_memberships_contains_paid_content":false,"footnotes":""},"categories":[9,3,20,1],"tags":[],"class_list":["post-1073","post","type-post","status-publish","format-standard","has-post-thumbnail","hentry","category-binboga","category-manset-haber","category-sehit-ve-gazilerimiz","category-yoremizden"],"jetpack_featured_media_url":"https:\/\/afsinyedisevin.com\/wp-content\/uploads\/2020\/01\/dry\u0131.jpg","jetpack_sharing_enabled":true,"_links":{"self":[{"href":"https:\/\/afsinyedisevin.com\/index.php\/wp-json\/wp\/v2\/posts\/1073","targetHints":{"allow":["GET"]}}],"collection":[{"href":"https:\/\/afsinyedisevin.com\/index.php\/wp-json\/wp\/v2\/posts"}],"about":[{"href":"https:\/\/afsinyedisevin.com\/index.php\/wp-json\/wp\/v2\/types\/post"}],"author":[{"embeddable":true,"href":"https:\/\/afsinyedisevin.com\/index.php\/wp-json\/wp\/v2\/users\/1"}],"replies":[{"embeddable":true,"href":"https:\/\/afsinyedisevin.com\/index.php\/wp-json\/wp\/v2\/comments?post=1073"}],"version-history":[{"count":3,"href":"https:\/\/afsinyedisevin.com\/index.php\/wp-json\/wp\/v2\/posts\/1073\/revisions"}],"predecessor-version":[{"id":1080,"href":"https:\/\/afsinyedisevin.com\/index.php\/wp-json\/wp\/v2\/posts\/1073\/revisions\/1080"}],"wp:featuredmedia":[{"embeddable":true,"href":"https:\/\/afsinyedisevin.com\/index.php\/wp-json\/wp\/v2\/media\/1078"}],"wp:attachment":[{"href":"https:\/\/afsinyedisevin.com\/index.php\/wp-json\/wp\/v2\/media?parent=1073"}],"wp:term":[{"taxonomy":"category","embeddable":true,"href":"https:\/\/afsinyedisevin.com\/index.php\/wp-json\/wp\/v2\/categories?post=1073"},{"taxonomy":"post_tag","embeddable":true,"href":"https:\/\/afsinyedisevin.com\/index.php\/wp-json\/wp\/v2\/tags?post=1073"}],"curies":[{"name":"wp","href":"https:\/\/api.w.org\/{rel}","templated":true}]}}