{"id":106,"date":"2019-12-28T12:57:43","date_gmt":"2019-12-28T12:57:43","guid":{"rendered":"http:\/\/www.afsinyedisevin.com\/?p=106"},"modified":"2019-12-28T13:42:20","modified_gmt":"2019-12-28T13:42:20","slug":"deneme-vefat-2","status":"publish","type":"post","link":"https:\/\/afsinyedisevin.com\/index.php\/2019\/12\/28\/deneme-vefat-2\/","title":{"rendered":"Binbo\u011fa Mahallesinden M\u0131st\u0131k Karaku\u015f vefat etti!"},"content":{"rendered":"<p><img loading=\"lazy\" decoding=\"async\" class=\"alignnone size-full wp-image-113\" src=\"https:\/\/afsinyedisevin.com\/wp-content\/uploads\/2019\/12\/ahalil.jpg\" alt=\"\" width=\"300\" height=\"194\" srcset=\"https:\/\/afsinyedisevin.com\/wp-content\/uploads\/2019\/12\/ahalil.jpg 300w, https:\/\/afsinyedisevin.com\/wp-content\/uploads\/2019\/12\/ahalil-115x73.jpg 115w\" sizes=\"(max-width: 300px) 100vw, 300px\" \/><\/p>\n<p><strong>Binbo\u011fa Mahallesi Tomas Mezras\u0131ndan Duran,Abdullah,Ali,Ahmet,Hikmet,Osman,Muhammet,Menderes,Yusuf,Hasan ve Halit Karaku\u015f\u2019un babalar\u0131 Totu Osman O\u011flu Totu M\u0131st\u0131k Karaku\u015f vefat etti.<\/strong><\/p>\n<p><strong>Cenazesi bug\u00fcn \u00f6\u011fle namaz\u0131na m\u00fcteakiben Ulu Camiide k\u0131l\u0131nacak cenaze namaz\u0131n\u0131n ard\u0131ndan Koyunta\u015f Mezarl\u0131\u011f\u0131nda topra\u011fa verilecek.<\/strong><\/p>\n<p><strong>Kur\u2019an-\u0131 Kerimi Beyce\u011fiz Mahallesi Elektrik Ar\u0131za kar\u015f\u0131s\u0131 o\u011flu Hikmet Karaku\u015f\u2019un evinde okunacak.<\/strong><\/p>\n<p><strong>Taziye i\u00e7in,<\/strong><\/p>\n<p><strong>O\u011flu Hikmet Karaku\u015f- 0 545 464 3313<\/strong><\/p>\n<p><strong>Allah rahmet eylesin.<\/strong><\/p>\n<p><img loading=\"lazy\" decoding=\"async\" class=\"alignnone size-full wp-image-119\" src=\"https:\/\/afsinyedisevin.com\/wp-content\/uploads\/2019\/12\/WhatsApp-Image-2019-11-17-at-20.38.25.jpeg\" alt=\"\" width=\"600\" height=\"466\" srcset=\"https:\/\/afsinyedisevin.com\/wp-content\/uploads\/2019\/12\/WhatsApp-Image-2019-11-17-at-20.38.25.jpeg 600w, https:\/\/afsinyedisevin.com\/wp-content\/uploads\/2019\/12\/WhatsApp-Image-2019-11-17-at-20.38.25-300x233.jpeg 300w\" sizes=\"(max-width: 600px) 100vw, 600px\" \/><\/p>\n","protected":false},"excerpt":{"rendered":"<p>Binbo\u011fa Mahallesi Tomas Mezras\u0131ndan Duran,Abdullah,Ali,Ahmet,Hikmet,Osman,Muhammet,Menderes,Yusuf,Hasan ve Halit Karaku\u015f\u2019un babalar\u0131 Totu Osman O\u011flu Totu M\u0131st\u0131k Karaku\u015f vefat etti. Cenazesi bug\u00fcn \u00f6\u011fle namaz\u0131na m\u00fcteakiben Ulu Camiide<\/p>\n","protected":false},"author":1,"featured_media":118,"comment_status":"open","ping_status":"open","sticky":false,"template":"","format":"standard","meta":{"_jetpack_memberships_contains_paid_content":false,"footnotes":""},"categories":[9,3,4],"tags":[],"class_list":["post-106","post","type-post","status-publish","format-standard","has-post-thumbnail","hentry","category-binboga","category-manset-haber","category-vefatlar"],"jetpack_featured_media_url":"https:\/\/afsinyedisevin.com\/wp-content\/uploads\/2019\/12\/rteyt.jpg","jetpack_sharing_enabled":true,"_links":{"self":[{"href":"https:\/\/afsinyedisevin.com\/index.php\/wp-json\/wp\/v2\/posts\/106","targetHints":{"allow":["GET"]}}],"collection":[{"href":"https:\/\/afsinyedisevin.com\/index.php\/wp-json\/wp\/v2\/posts"}],"about":[{"href":"https:\/\/afsinyedisevin.com\/index.php\/wp-json\/wp\/v2\/types\/post"}],"author":[{"embeddable":true,"href":"https:\/\/afsinyedisevin.com\/index.php\/wp-json\/wp\/v2\/users\/1"}],"replies":[{"embeddable":true,"href":"https:\/\/afsinyedisevin.com\/index.php\/wp-json\/wp\/v2\/comments?post=106"}],"version-history":[{"count":3,"href":"https:\/\/afsinyedisevin.com\/index.php\/wp-json\/wp\/v2\/posts\/106\/revisions"}],"predecessor-version":[{"id":120,"href":"https:\/\/afsinyedisevin.com\/index.php\/wp-json\/wp\/v2\/posts\/106\/revisions\/120"}],"wp:featuredmedia":[{"embeddable":true,"href":"https:\/\/afsinyedisevin.com\/index.php\/wp-json\/wp\/v2\/media\/118"}],"wp:attachment":[{"href":"https:\/\/afsinyedisevin.com\/index.php\/wp-json\/wp\/v2\/media?parent=106"}],"wp:term":[{"taxonomy":"category","embeddable":true,"href":"https:\/\/afsinyedisevin.com\/index.php\/wp-json\/wp\/v2\/categories?post=106"},{"taxonomy":"post_tag","embeddable":true,"href":"https:\/\/afsinyedisevin.com\/index.php\/wp-json\/wp\/v2\/tags?post=106"}],"curies":[{"name":"wp","href":"https:\/\/api.w.org\/{rel}","templated":true}]}}